{"id":13452,"date":"2024-11-12T22:18:12","date_gmt":"2024-11-12T20:18:12","guid":{"rendered":"https:\/\/teamdeck.io\/?p=13452"},"modified":"2024-11-12T22:18:12","modified_gmt":"2024-11-12T20:18:12","slug":"what-is-micromanaging-mean","status":"publish","type":"post","link":"https:\/\/teamdeck.io\/tr\/kaynaklar\/micromanaging-ne-demek\/","title":{"rendered":"Mikro Y\u00f6netimi Anlamak: Ger\u00e7ekten Ne Anlama Geliyor?"},"content":{"rendered":"<p>Mikro y\u00f6netim, i\u015fyeri dinamikleri ile ilgili tart\u0131\u015fmalarda s\u0131k s\u0131k ortaya \u00e7\u0131kan bir terimdir, ancak ger\u00e7ek anlam\u0131 bazen yanl\u0131\u015f anla\u015f\u0131labilir. Esasen, bir y\u00f6neticinin astlar\u0131n\u0131n \u00e7al\u0131\u015fmalar\u0131n\u0131 yak\u0131ndan g\u00f6zlemledi\u011fi veya kontrol etti\u011fi, genellikle a\u015f\u0131r\u0131 derecede bir y\u00f6netim tarz\u0131n\u0131 ifade eder. Bu yakla\u015f\u0131m, bir y\u00f6neticinin her \u015feyin m\u00fckemmel bir \u015fekilde yap\u0131ld\u0131\u011f\u0131ndan emin olma arzusundan kaynaklanabilir, ancak ayn\u0131 zamanda ekibe veya liderin yeteneklerine g\u00fcven eksikli\u011fini de g\u00f6sterebilir. \"Mikro y\u00f6netimin ne anlama geldi\u011fini\" anlamak i\u00e7in bunun hem \u00e7al\u0131\u015fanlar hem de genel organizasyonel ortam \u00fczerindeki etkisine bakmam\u0131z gerekir. Bu belgede, mikro y\u00f6netimin \u00f6zelliklerini, i\u015fyeri morali ve \u00fcretkenli\u011fi \u00fczerindeki etkilerini ve etkili bir \u015fekilde ele al\u0131nmas\u0131n\u0131n yollar\u0131n\u0131 inceleyece\u011fiz.<\/p>\n\n\n\n<h2 class=\"wp-block-heading\">Mikro Y\u00f6netimin Tan\u0131m\u0131<\/h2>\n\n\n\n<h3 class=\"wp-block-heading\">Mikro Y\u00f6netim Ne Demektir?<\/h3>\n\n\n\n<p>Mikro y\u00f6netim, bir y\u00f6neticinin a\u015f\u0131r\u0131 derecede dahil oldu\u011fu ve \u00e7al\u0131\u015fanlar\u0131n nas\u0131l \u00e7al\u0131\u015ft\u0131\u011f\u0131n\u0131n ayr\u0131nt\u0131lar\u0131n\u0131 kontrol etti\u011fi bir y\u00f6netim tarz\u0131n\u0131 i\u00e7erir. Bu denetim d\u00fczeyi genellikle yarat\u0131c\u0131l\u0131\u011f\u0131 ve ba\u011f\u0131ms\u0131zl\u0131\u011f\u0131 bast\u0131r\u0131r ve \u00e7al\u0131\u015fanlar aras\u0131nda hayal k\u0131r\u0131kl\u0131\u011f\u0131na yol a\u00e7ar. \"Mikro y\u00f6netim ne demektir?\" sorusu, bir y\u00f6neticinin ekibinin yeteneklerine g\u00fcvenmemesinden veya m\u00fckemmeliyet\u00e7ili\u011fe yo\u011fun bir \u015fekilde odaklanmas\u0131ndan kaynaklanabilen bu davran\u0131\u015f\u0131n \u00f6z\u00fcne inmektedir. Bu ortamda \u00e7al\u0131\u015fanlar, becerilerinin ve muhakeme yeteneklerinin k\u00fc\u00e7\u00fcmsendi\u011fini hissedebilir ve bu da motivasyon ve \u00fcretkenli\u011fin azalmas\u0131na neden olur. G\u00f6revleriyle aktif olarak ilgilenmek yerine onay aramak i\u00e7in daha fazla zaman harcarlar. Buna kar\u015f\u0131l\u0131k, kurum k\u00fclt\u00fcr\u00fc zarar g\u00f6rebilir ve i\u015ften ayr\u0131lma oranlar\u0131nda potansiyel bir art\u0131\u015f ya\u015fanabilir. Mikro y\u00f6netimin anlam\u0131n\u0131 incelemek, belirtilerini tan\u0131mak ve hem bireyler hem de i\u015fyeri \u00fczerindeki etkisini ele almak i\u00e7in \u00e7ok \u00f6nemlidir. Bu kavram\u0131 anlamak, y\u00f6neticileri daha etkili ve g\u00fc\u00e7lendirici liderlik tarzlar\u0131na y\u00f6nlendirmeye yard\u0131mc\u0131 olur.<\/p>\n\n\n\n<h3 class=\"wp-block-heading\">Yayg\u0131n Yanl\u0131\u015f Anlamalar<\/h3>\n\n\n\n<p>Mikro y\u00f6netim genellikle sadece detay odakl\u0131 bir yakla\u015f\u0131m olarak yanl\u0131\u015f anla\u015f\u0131l\u0131r. Ancak bu, bir patronun ayr\u0131nt\u0131lara dikkat etmesinden daha fazlas\u0131d\u0131r; a\u015f\u0131r\u0131 kontrol ve g\u00f6zetimle ilgilidir. S\u0131k rastlanan bir yanl\u0131\u015f anlama da, mikro y\u00f6netimin kaliteli i\u015f i\u00e7in gerekli oldu\u011fudur. Ayr\u0131nt\u0131lara dikkat etmek \u00f6nemli olsa da, mikro y\u00f6netim asl\u0131nda bir g\u00fcvensizlik ve ba\u011f\u0131ml\u0131l\u0131k ortam\u0131 yaratarak kaliteyi baltalayabilir. Bir ba\u015fka yanl\u0131\u015f kan\u0131 da s\u0131k s\u0131k kontrol eden t\u00fcm y\u00f6neticilerin mikro y\u00f6netici oldu\u011fudur. Ger\u00e7ekte, d\u00fczenli ileti\u015fim i\u015fbirli\u011fi i\u00e7in gereklidir, ancak m\u00fcdahaleci hale geldi\u011finde ve bir \u00e7al\u0131\u015fan\u0131n \u00f6zerkli\u011fini s\u0131n\u0131rlad\u0131\u011f\u0131nda mikro y\u00f6netime ge\u00e7er. Baz\u0131lar\u0131 mikro y\u00f6netimin g\u00fc\u00e7l\u00fc liderli\u011fin bir i\u015fareti oldu\u011funa inanabilir, ancak bu genellikle g\u00fcvensizli\u011fi ve ekibin yeteneklerine olan g\u00fcven eksikli\u011fini yans\u0131t\u0131r. Bu yan\u0131lg\u0131lar\u0131n fark\u0131na varmak, etkili y\u00f6netim uygulamalar\u0131 ile zararl\u0131 mikro y\u00f6netim davran\u0131\u015flar\u0131 aras\u0131nda ayr\u0131m yap\u0131lmas\u0131na yard\u0131mc\u0131 olur. \"Mikro y\u00f6netimin ne anlama geldi\u011fini\" anlamak, bu farkl\u0131l\u0131klar\u0131 netle\u015ftirmeye yard\u0131mc\u0131 olur ve daha sa\u011fl\u0131kl\u0131 i\u015fyeri dinamiklerini te\u015fvik eder.<\/p>\n\n\n\n<h3 class=\"wp-block-heading\">Tarihsel Ba\u011flam<\/h3>\n\n\n\n<p>Mikro y\u00f6netim kavram\u0131, i\u015fyeri yap\u0131lar\u0131 ve liderlik teorilerindeki de\u011fi\u015fikliklerle birlikte geli\u015fmi\u015ftir. K\u00f6kleri, end\u00fcstriyel ortamlarda verimlili\u011fi ve kontrol\u00fc vurgulayan bilimsel y\u00f6netimin y\u00fckseli\u015fi s\u0131ras\u0131nda 20. y\u00fczy\u0131l\u0131n ba\u015flar\u0131na kadar uzanmaktad\u0131r. Y\u00f6neticiler, \u00e7al\u0131\u015fanlar\u0131n g\u00f6revlerini ve ilerlemelerini yak\u0131ndan izleyerek \u00fcretkenli\u011fi en \u00fcst d\u00fczeye \u00e7\u0131karmaya \u00e7al\u0131\u015fm\u0131\u015ft\u0131r. Zamanla, kurallar\u0131n kat\u0131 bir \u015fekilde uygulanmas\u0131 genellikle mikro y\u00f6netim davran\u0131\u015flar\u0131na yol a\u00e7m\u0131\u015ft\u0131r. Y\u00f6netim felsefeleri ilerledik\u00e7e, odak noktas\u0131 s\u0131k\u0131 g\u00f6zetimden \u00e7al\u0131\u015fanlar\u0131 g\u00fc\u00e7lendirmeye ve i\u015fbirli\u011fini te\u015fvik etmeye kayd\u0131. Ancak, \u00f6zellikle hassasiyet ve do\u011frulu\u011fun \u00e7ok \u00f6nemli oldu\u011fu sekt\u00f6rlerde mikro y\u00f6netimin kal\u0131nt\u0131lar\u0131 devam etti. Bu tarihsel mercek alt\u0131nda \"mikro y\u00f6netimin ne anlama geldi\u011fini\" anlamak, y\u00f6netim uygulamalar\u0131n\u0131n de\u011fi\u015fen kurumsal ihtiya\u00e7lar ve k\u00fclt\u00fcrel de\u011fi\u015fimler taraf\u0131ndan nas\u0131l \u015fekillendirildi\u011fini ortaya koymaktad\u0131r. G\u00fcn\u00fcm\u00fczde zorluk, g\u00f6zetim ile \u00f6zerkli\u011fi dengelemekte yatmaktad\u0131r. Bu tarihsel perspektif, a\u015f\u0131r\u0131 kontrol\u00fcn \u00e7al\u0131\u015fanlar\u0131n morali ve \u00fcretkenli\u011fi \u00fczerindeki olumsuz etkilerini azalt\u0131rken, y\u00f6netim tekniklerini yenilik\u00e7ili\u011fi ve g\u00fcveni te\u015fvik edecek \u015fekilde uyarlaman\u0131n \u00f6nemini vurgulamaktad\u0131r.<\/p>\n\n\n\n<h2 class=\"wp-block-heading\">Mikro Y\u00f6netim \u0130\u015faretleri<\/h2>\n\n\n\n<h3 class=\"wp-block-heading\">Davran\u0131\u015fsal G\u00f6stergeler<\/h3>\n\n\n\n<p>Mikro y\u00f6netimin belirlenmesi, belirli davran\u0131\u015fsal g\u00f6stergelerin tan\u0131nmas\u0131n\u0131 i\u00e7erir. \u00d6nemli bir i\u015faret, y\u00f6neticinin bir \u00e7al\u0131\u015fan\u0131n i\u015finin her y\u00f6n\u00fcn\u00fc a\u015f\u0131r\u0131 derecede izleme ve kontrol etme e\u011filimidir. Bu, s\u0131k s\u0131k kontrol etme, k\u00fc\u00e7\u00fck g\u00f6revler i\u00e7in bile s\u00fcrekli g\u00fcncelleme talep etme veya g\u00f6revlerin nas\u0131l yerine getirilece\u011fine dair a\u015f\u0131r\u0131 ayr\u0131nt\u0131l\u0131 talimatlar \u015feklinde ortaya \u00e7\u0131kabilir. Bir ba\u015fka g\u00f6sterge de, ekibin yeteneklerine g\u00fcven eksikli\u011finden kaynaklanan, sorumluluklar\u0131 devretme konusundaki isteksizliktir. Bu kontrol arzusu genellikle \u00e7al\u0131\u015fanlar\u0131n uzmanl\u0131klar\u0131na ve karar verme s\u00fcre\u00e7lerine de\u011fer verilmedi\u011fini d\u00fc\u015f\u00fcnd\u00fckleri bir ortama yol a\u00e7ar. Ayr\u0131ca, mikro y\u00f6neticiler kendi ekip \u00fcyeleri taraf\u0131ndan al\u0131nan kararlar\u0131 s\u0131kl\u0131kla ge\u00e7ersiz k\u0131labilir ve kendi y\u00f6ntemlerinin tek do\u011fru yakla\u015f\u0131m oldu\u011funda \u0131srar edebilirler. Bu davran\u0131\u015f inovasyonu engelleyebilir ve ba\u011f\u0131ms\u0131z d\u00fc\u015f\u00fcncenin cesaretini k\u0131rabilir. Bu g\u00f6stergeleri tan\u0131mak, mikro y\u00f6netimin temel nedenlerini ele almak i\u00e7in \u00e7ok \u00f6nemlidir. \"Mikro y\u00f6netimin ne anlama geldi\u011fini\" anlamak, kurulu\u015flar\u0131n g\u00f6zetimi \u00e7al\u0131\u015fanlar\u0131n yetkilendirilmesiyle dengeleyen stratejiler uygulamas\u0131na olanak tan\u0131r ve sonu\u00e7ta daha \u00fcretken ve olumlu bir i\u015fyeri ortam\u0131n\u0131 te\u015fvik eder.<\/p>\n\n\n\n<h3 class=\"wp-block-heading\">\u00c7al\u0131\u015fanlar \u00dczerindeki Etkisi<\/h3>\n\n\n\n<p>Mikro y\u00f6netim, \u00e7al\u0131\u015fanlar\u0131n ruhsal refah\u0131n\u0131 ve i\u015f tatminini \u00f6nemli \u00f6l\u00e7\u00fcde etkileyebilir. \u00c7al\u0131\u015fanlar s\u00fcrekli olarak de\u011ferlendirildiklerini hissettiklerinden, s\u00fcrekli g\u00f6zetim stres ve endi\u015feye yol a\u00e7abilir. Bu ortam genellikle yarat\u0131c\u0131l\u0131\u011f\u0131n ve motivasyonun azalmas\u0131na neden olur ve \u00e7al\u0131\u015fanlar i\u015flerine daha az ba\u011flan\u0131rlar. \u00d6zerklik eksikli\u011fi \u00e7al\u0131\u015fanlar\u0131n kendilerini de\u011fersiz hissetmelerine neden olarak \u00f6zg\u00fcvenlerini ve inisiyatif alma isteklerini etkileyebilir. \u00c7al\u0131\u015fanlar daha destekleyici ve g\u00fc\u00e7lendirici \u00e7al\u0131\u015fma ortamlar\u0131 arad\u0131k\u00e7a, bu s\u00fcre\u00e7 zamanla t\u00fckenmi\u015fli\u011fe ve y\u00fcksek bir i\u015ften ayr\u0131lma oran\u0131na yol a\u00e7abilir. Ayr\u0131ca, mikro y\u00f6netim \u00e7al\u0131\u015fanlar ve y\u00f6netim aras\u0131ndaki g\u00fcveni a\u015f\u0131nd\u0131rarak ileti\u015fimin bo\u011fuldu\u011fu ve i\u015fbirli\u011finin asgari d\u00fczeye indi\u011fi bir k\u00fclt\u00fcr yaratabilir. \"Mikro y\u00f6netimin ne anlama geldi\u011fini\" anlamak, bu etkileri etkili bir \u015fekilde ele almak i\u00e7in bunlar\u0131 tan\u0131man\u0131n \u00f6nemini vurgulamaktad\u0131r. Kurulu\u015flar, \u00e7al\u0131\u015fanlar\u0131n kendilerini g\u00fcvende ve de\u011ferli hissettikleri bir ortam\u0131 te\u015fvik ederek i\u015f memnuniyetini art\u0131rabilir, \u00fcretkenli\u011fi art\u0131rabilir ve mikro y\u00f6netimle ili\u015fkili olumsuz etkileri azaltabilir.<\/p>\n\n\n\n<h3 class=\"wp-block-heading\">Vaka \u00c7al\u0131\u015fmalar\u0131<\/h3>\n\n\n\n<p>Ger\u00e7ek d\u00fcnya \u00f6rneklerini incelemek, mikro y\u00f6netimin i\u015fletmeler \u00fczerindeki etkisini g\u00f6sterebilir. \u00d6rne\u011fin, bir teknoloji giri\u015fimi, CEO'nun mikro y\u00f6netim davran\u0131\u015f\u0131 nedeniyle y\u00fcksek \u00e7al\u0131\u015fan devri ve azalan moral ya\u015fam\u0131\u015ft\u0131r. CEO her k\u00fc\u00e7\u00fck karar\u0131 onaylamakta \u0131srar ederek projede gecikmelere ve personel aras\u0131nda hayal k\u0131r\u0131kl\u0131\u011f\u0131na neden oldu. Sonu\u00e7 olarak, yetenekli \u00e7al\u0131\u015fanlar ba\u015fka yerlerde daha \u00f6zerk roller i\u00e7in ayr\u0131ld\u0131lar. Bir ba\u015fka vaka, y\u00f6neticinin kontrol ihtiyac\u0131n\u0131n yarat\u0131c\u0131l\u0131\u011f\u0131 bo\u011fdu\u011fu bir pazarlama firmas\u0131yla ilgiliydi. \u00c7al\u0131\u015fanlar\u0131n kat\u0131 kurallara uymas\u0131 gerekiyordu ve bu da yenilik\u00e7i d\u00fc\u015f\u00fcnceye \u00e7ok az yer b\u0131rak\u0131yordu. Bu da ilham vermeyen kampanyalara ve m\u00fc\u015fteri memnuniyetsizli\u011fine yol a\u00e7t\u0131. Her iki vaka da pratik i\u015f terimleriyle \"mikro y\u00f6netimin ne anlama geldi\u011fini\" vurgulamaktad\u0131r: \u00fcretkenlik, yarat\u0131c\u0131l\u0131k ve \u00e7al\u0131\u015fanlar\u0131n elde tutulmas\u0131 \u00fczerinde zararl\u0131 bir etki. Di\u011fer kurulu\u015flardaki bu kal\u0131plar\u0131n fark\u0131na varmak, y\u00f6neticilerin kendi uygulamalar\u0131 \u00fczerinde d\u00fc\u015f\u00fcnmelerine ve gerekli ayarlamalar\u0131 yapmalar\u0131na yard\u0131mc\u0131 olabilir. Bu vaka \u00e7al\u0131\u015fmalar\u0131ndan \u00f6\u011frenilenler, daha iyi sonu\u00e7lar elde etmek i\u00e7in g\u00fcven veren, g\u00fc\u00e7lendirici bir \u00e7al\u0131\u015fma ortam\u0131n\u0131n te\u015fvik edilmesinin \u00f6nemini vurgulamaktad\u0131r.<\/p>\n\n\n\n<h2 class=\"wp-block-heading\">Mikro Y\u00f6netimin Nedenleri<\/h2>\n\n\n\n<h3 class=\"wp-block-heading\">Psikolojik Fakt\u00f6rler<\/h3>\n\n\n\n<p>Mikro y\u00f6netim genellikle \u00e7e\u015fitli psikolojik fakt\u00f6rlerden kaynaklan\u0131r. \u00d6nemli fakt\u00f6rlerden biri, bir y\u00f6neticinin kendi liderlik yeteneklerine g\u00fcvenmemesidir; bu da ekibinin i\u015finin her y\u00f6n\u00fcn\u00fc kontrol etme ihtiyac\u0131 olarak ortaya \u00e7\u0131kabilir. Bu \u00f6zg\u00fcven eksikli\u011fi, onlar\u0131 ekiplerine mikro y\u00f6netim uygulayarak a\u015f\u0131r\u0131 telafi etmeye itebilir. Ayr\u0131ca, ba\u015far\u0131s\u0131zl\u0131k korkusu a\u015f\u0131r\u0131 g\u00f6zetime yol a\u00e7abilir. Riskten ka\u00e7\u0131nan y\u00f6neticiler, ekiplerinin performans\u0131n\u0131 engelleyebilse bile, ba\u015far\u0131y\u0131 sa\u011flaman\u0131n tek yolunun s\u0131k\u0131 kontrol oldu\u011funu d\u00fc\u015f\u00fcnebilirler. M\u00fckemmeliyet\u00e7ilik de bir ba\u015fka psikolojik etkendir. M\u00fckemmeliyet\u00e7i e\u011filimleri olan y\u00f6neticiler, istenen sonu\u00e7lar\u0131 yaln\u0131zca kendilerinin elde edebilece\u011fine inanarak g\u00f6revleri delege etmekte zorlanabilirler. Bu psikolojik \u00e7er\u00e7evede \"mikro y\u00f6netimin ne anlama geldi\u011fini\" anlamak, altta yatan bu sorunlar\u0131 ele alman\u0131n \u00f6nemini vurgular. Y\u00f6neticiler, \u00f6z fark\u0131ndal\u0131klar\u0131n\u0131 geli\u015ftirerek ve g\u00fcven in\u015fa ederek g\u00fcvensizliklerinin \u00fcstesinden gelebilir ve hem \u00e7al\u0131\u015fanlara hem de bir b\u00fct\u00fcn olarak kuruma fayda sa\u011flayan daha etkili, g\u00fc\u00e7lendirici liderlik tarzlar\u0131 geli\u015ftirebilirler.<\/p>\n\n\n\n<h3 class=\"wp-block-heading\">Organizasyonel K\u00fclt\u00fcr<\/h3>\n\n\n\n<p>\u00d6rg\u00fct k\u00fclt\u00fcr\u00fc, mikro y\u00f6netimi te\u015fvik etmede \u00f6nemli bir rol oynar. Kat\u0131 hiyerar\u015fi ve kontrol\u00fcn vurguland\u0131\u011f\u0131 ortamlarda, mikro y\u00f6netim davran\u0131\u015flar\u0131 norm haline gelebilir. Bu k\u00fclt\u00fcr genellikle karar alma mekanizmas\u0131n\u0131n merkezile\u015ftirildi\u011fi ve \u00e7al\u0131\u015fanlar\u0131n s\u0131n\u0131rl\u0131 \u00f6zerkli\u011fe sahip oldu\u011fu yukar\u0131dan a\u015fa\u011f\u0131ya liderlik tarzlar\u0131ndan kaynaklan\u0131r. Ayr\u0131ca, uzun vadeli b\u00fcy\u00fcme yerine k\u0131sa vadeli sonu\u00e7lara \u00f6ncelik veren kurulu\u015flar, istemeden de olsa mikro y\u00f6netimi te\u015fvik edebilir. Y\u00f6neticiler kendilerini acil hedeflere ula\u015fma bask\u0131s\u0131 alt\u0131nda hisseder ve bu da onlar\u0131 ekiplerinin faaliyetlerini yak\u0131ndan izlemeye ve kontrol etmeye y\u00f6nlendirir. Ayr\u0131ca, kurum i\u00e7inde a\u00e7\u0131k ileti\u015fim ve g\u00fcven eksikli\u011fi, mikro y\u00f6netim e\u011filimlerini daha da k\u00f6t\u00fcle\u015ftirebilir. \u00c7al\u0131\u015fanlar\u0131n g\u00f6revlerini ba\u011f\u0131ms\u0131z olarak yerine getireceklerine g\u00fcvenilmedi\u011finde, y\u00f6neticiler kendilerini her ayr\u0131nt\u0131y\u0131 denetlemek zorunda hissedebilirler. Kurum k\u00fclt\u00fcr\u00fc ba\u011flam\u0131nda \"mikro y\u00f6netimin ne anlama geldi\u011fini\" anlamak, g\u00fcven, a\u00e7\u0131k ileti\u015fim ve yetkilendirme ortam\u0131n\u0131 te\u015fvik etme ihtiyac\u0131n\u0131n alt\u0131n\u0131 \u00e7izer. Kurulu\u015flar, k\u00fclt\u00fcrel oda\u011f\u0131 i\u015fbirli\u011fi ve g\u00fcvene do\u011fru kayd\u0131rarak mikro y\u00f6netimin yayg\u0131nl\u0131\u011f\u0131n\u0131 azaltabilir ve daha sa\u011fl\u0131kl\u0131 i\u015fyeri dinamiklerini te\u015fvik edebilir.<\/p>\n\n\n\n<h3 class=\"wp-block-heading\">D\u0131\u015f Bask\u0131lar<\/h3>\n\n\n\n<p>D\u0131\u015f bask\u0131lar mikro y\u00f6netim davran\u0131\u015flar\u0131na \u00f6nemli \u00f6l\u00e7\u00fcde katk\u0131da bulunabilir. Rekabetin yo\u011fun oldu\u011fu sekt\u00f6rlerde, rakiplerden daha iyi performans g\u00f6sterme d\u00fcrt\u00fcs\u00fc y\u00f6neticilerin daha kontrolc\u00fc bir yakla\u015f\u0131m benimsemesine yol a\u00e7abilir. Geride kalma veya piyasa beklentilerini kar\u015f\u0131layamama korkusu genellikle \u00e7al\u0131\u015fanlar\u0131n i\u015flerini izlemeye ve kontrol etmeye a\u015f\u0131r\u0131 odaklanmaya neden olur. Ekonomik gerileme ve finansal istikrars\u0131zl\u0131k da stres seviyelerini art\u0131rarak y\u00f6neticileri olumlu sonu\u00e7lar elde etmek i\u00e7in mikro y\u00f6netime sevk edebilir. Ayr\u0131ca, kat\u0131 mevzuat gereklilikleri veya uyum standartlar\u0131, y\u00f6neticileri olas\u0131 cezalardan ka\u00e7\u0131nmak i\u00e7in s\u0131k\u0131 bir g\u00f6zetim uygulamaya zorlayabilir. D\u0131\u015f bask\u0131lar ba\u011flam\u0131nda \"mikro y\u00f6netimin ne anlama geldi\u011fini\" anlamak, d\u0131\u015f fakt\u00f6rlerin y\u00f6netsel ve insani mikro y\u00f6netim davran\u0131\u015flar\u0131n\u0131 nas\u0131l \u015fekillendirebilece\u011fini ortaya koymaktad\u0131r. Bu etkilerin tan\u0131nmas\u0131, uyum ve performans ihtiyac\u0131 ile \u00e7al\u0131\u015fan \u00f6zerkli\u011finin \u00f6nemini dengeleyen stratejiler geli\u015ftirmek i\u00e7in \u00e7ok \u00f6nemlidir. Kurulu\u015flar, d\u0131\u015f bask\u0131lar\u0131 d\u00fc\u015f\u00fcnceli bir \u015fekilde ele alarak, hedeflerine ula\u015f\u0131rken mikro y\u00f6netim d\u00fcrt\u00fcs\u00fcn\u00fc azaltan daha destekleyici bir ortam yaratabilirler.<\/p>\n\n\n\n<h2 class=\"wp-block-heading\">Mikro Y\u00f6netimin Sonu\u00e7lar\u0131<\/h2>\n\n\n\n<h3 class=\"wp-block-heading\">Verimlilik D\u00fc\u015f\u00fc\u015f\u00fc<\/h3>\n\n\n\n<p>Mikro y\u00f6netim genellikle \u00fcretkenlikte g\u00f6zle g\u00f6r\u00fcl\u00fcr bir d\u00fc\u015f\u00fc\u015fe yol a\u00e7ar. \u00c7al\u0131\u015fanlar s\u00fcrekli g\u00f6zetimle kar\u015f\u0131 kar\u015f\u0131ya kald\u0131klar\u0131nda, ba\u011f\u0131ms\u0131z \u00e7al\u0131\u015fma yetenekleri azal\u0131r ve bu da i\u015f s\u00fcre\u00e7lerinin yava\u015flamas\u0131na neden olur. S\u00fcrekli onay ihtiyac\u0131 i\u015f ak\u0131\u015f\u0131n\u0131 kesintiye u\u011fratarak gecikmelere neden olur ve genel verimlili\u011fi azalt\u0131r. \u00c7al\u0131\u015fanlar, \u00f6zerklikleri k\u0131s\u0131tland\u0131\u011f\u0131 i\u00e7in i\u015flerinden kopabilir ve bu da rollerinde m\u00fckemmelle\u015fmek i\u00e7in motivasyon eksikli\u011fine yol a\u00e7abilir. \u00c7al\u0131\u015fanlar inisiyatif almaya veya yenilik\u00e7i \u00e7\u00f6z\u00fcmler \u00f6nermeye daha az e\u011filimli olduklar\u0131ndan, bu kopukluk \u00fcretkenli\u011fi daha da azaltabilir. Ayr\u0131ca, y\u00f6neticilerin bir g\u00f6revi mikro y\u00f6netmek i\u00e7in harcad\u0131klar\u0131 zaman, stratejik planlama ve ekip geli\u015fimi i\u00e7in daha iyi kullan\u0131labilir. Verimlilik a\u00e7\u0131s\u0131ndan \"mikro y\u00f6netimin ne anlama geldi\u011fini\" anlamak, a\u015f\u0131r\u0131 kontrol\u00fcn daha sorunsuz operasyonlar\u0131 kolayla\u015ft\u0131rmak yerine nas\u0131l darbo\u011fazlar yaratabilece\u011fini vurgular. \u00c7al\u0131\u015fanlara g\u00f6revlerini y\u00f6netmeleri i\u00e7in daha fazla \u00f6zg\u00fcrl\u00fck tan\u0131yan kurulu\u015flar, \u00e7al\u0131\u015fanlar\u0131n i\u015flerine daha fazla yat\u0131r\u0131m yapmalar\u0131 ve en iyi performans\u0131 g\u00f6stermeleri i\u00e7in te\u015fvik edilmeleri sayesinde \u00fcretkenli\u011fi art\u0131rabilir.<\/p>\n\n\n\n<h3 class=\"wp-block-heading\">\u00c7al\u0131\u015fan Devri<\/h3>\n\n\n\n<p>Mikro y\u00f6netim, \u00e7al\u0131\u015fan devrinin artmas\u0131na \u00f6nemli \u00f6l\u00e7\u00fcde katk\u0131da bulunur. \u00c7al\u0131\u015fanlar s\u00fcrekli olarak incelendiklerini ve kendilerine de\u011fer verilmedi\u011fini hissettiklerinde, i\u015f tatminleri azal\u0131r ve ba\u015fka yerlerde f\u0131rsat aramaya ba\u015flarlar. Mikro y\u00f6netimli bir ortam\u0131n do\u011fas\u0131nda bulunan g\u00fcven ve \u00f6zerklik eksikli\u011fi, hayal k\u0131r\u0131kl\u0131\u011f\u0131na yol a\u00e7arak \u00e7al\u0131\u015fanlar\u0131n kuruma olan ba\u011fl\u0131l\u0131k duygular\u0131n\u0131 azaltabilir. \u00d6zellikle yetenekli \u00e7al\u0131\u015fanlar\u0131n, becerilerine ve muhakemelerine sayg\u0131 duyulan ve anlaml\u0131 bir \u015fekilde katk\u0131da bulunma \u00f6zg\u00fcrl\u00fc\u011f\u00fcne sahip olduklar\u0131 pozisyonlar\u0131 aramak i\u00e7in \u015firketten ayr\u0131lmalar\u0131 muhtemeldir. Y\u00fcksek i\u015ften ayr\u0131lma oranlar\u0131 yaln\u0131zca ekip dinamiklerini bozmakla kalmaz, ayn\u0131 zamanda i\u015fe al\u0131m, e\u011fitim ve verimlilik kayb\u0131 a\u00e7\u0131s\u0131ndan kurulu\u015flara \u00f6nemli maliyetler getirir. \u0130\u015ften ayr\u0131lma oran\u0131yla ili\u015fkili olarak \"mikro y\u00f6netimin ne anlama geldi\u011fini\" anlamak, destekleyici ve g\u00fc\u00e7lendirici bir i\u015fyerinin te\u015fvik edilmesi ihtiyac\u0131n\u0131 vurgular. Kurulu\u015flar, mikro y\u00f6netim e\u011filimlerini ele alarak ve bir g\u00fcven ve sayg\u0131 k\u00fclt\u00fcr\u00fcn\u00fc te\u015fvik ederek, \u00e7al\u0131\u015fanlar\u0131n elde tutulmas\u0131n\u0131 iyile\u015ftirebilir, i\u015ften ayr\u0131lma ile ilgili maliyetleri azaltabilir ve daha istikrarl\u0131 ve ba\u011fl\u0131 bir i\u015fg\u00fcc\u00fc olu\u015fturabilir.<\/p>\n\n\n\n<h3 class=\"wp-block-heading\">\u0130\u015fyeri Stresi<\/h3>\n\n\n\n<p>Mikro y\u00f6netim, hem ki\u015finin ruh sa\u011fl\u0131\u011f\u0131n\u0131 hem de i\u015f performans\u0131n\u0131 etkileyen birincil i\u015fyeri stres kayna\u011f\u0131d\u0131r. S\u00fcrekli g\u00f6zetime maruz kalan \u00e7al\u0131\u015fanlar, her hareketlerinin izlendi\u011fini bilerek kendilerini endi\u015feli ve bask\u0131 alt\u0131nda hissedebilirler. Bu stres, konsantrasyonun azalmas\u0131, i\u015f memnuniyetinin d\u00fc\u015fmesi ve hatta fiziksel sa\u011fl\u0131k sorunlar\u0131 da dahil olmak \u00fczere \u00e7e\u015fitli \u015fekillerde ortaya \u00e7\u0131kabilir. Ac\u0131mas\u0131z inceleme g\u00fcveni a\u015f\u0131nd\u0131r\u0131r ve hata yapma korkusu yaratarak gergin bir \u00e7al\u0131\u015fma ortam\u0131na yol a\u00e7ar. Stres seviyeleri y\u00fckseldik\u00e7e, \u00e7al\u0131\u015fanlar daha az ba\u011fl\u0131 ve hataya daha yatk\u0131n hale gelebilir, bu da durumu daha da k\u00f6t\u00fcle\u015ftirir. \u0130\u015fyeri stresi a\u00e7\u0131s\u0131ndan \"mikro y\u00f6netimin ne anlama geldi\u011fini\" anlamak, sa\u011fl\u0131kl\u0131 bir \u00e7al\u0131\u015fma ortam\u0131n\u0131 te\u015fvik etmenin \u00f6nemini vurgular. Kurulu\u015flar mikro y\u00f6netim uygulamalar\u0131n\u0131 azaltarak stresi hafifletebilir ve daha olumlu bir \u00e7al\u0131\u015fma alan\u0131 yaratabilir. A\u00e7\u0131k ileti\u015fimi, g\u00fcveni ve \u00f6zerkli\u011fi te\u015fvik etmek, \u00e7al\u0131\u015fanlar\u0131n kendilerini de\u011ferli ve desteklenmi\u015f hissetmelerine yard\u0131mc\u0131 olabilir ve sonu\u00e7ta refahlar\u0131n\u0131 ve \u00fcretkenliklerini art\u0131rabilir. \u0130\u015fyeri stresinin ele al\u0131nmas\u0131, motive ve etkili bir i\u015fg\u00fcc\u00fcn\u00fcn s\u00fcrd\u00fcr\u00fclmesi i\u00e7in \u00e7ok \u00f6nemlidir.<\/p>\n\n\n\n<h2 class=\"wp-block-heading\">Mikro Y\u00f6netimin \u00dcstesinden Gelmek i\u00e7in Stratejiler<\/h2>\n\n\n\n<h3 class=\"wp-block-heading\">Liderlik E\u011fitimi<\/h3>\n\n\n\n<p>Liderlik e\u011fitimi uygulamak, mikro y\u00f6netimin \u00fcstesinden gelmek i\u00e7in hayati bir stratejidir. E\u011fitim programlar\u0131 y\u00f6neticilerin kontrol yerine g\u00fcven ve yetkilendirmeyi te\u015fvik eden beceriler geli\u015ftirmelerine yard\u0131mc\u0131 olabilir. Etkili liderlik e\u011fitimi, ileti\u015fim becerilerini geli\u015ftirmeye, delegasyon tekniklerini \u00f6\u011fretmeye ve duygusal zeka olu\u015fturmaya odaklan\u0131r. Bu unsurlar y\u00f6neticileri, \u00e7al\u0131\u015fanlar\u0131n kendilerini g\u00fcvende ve de\u011ferli hissettikleri destekleyici bir ortam yaratmaya te\u015fvik eder. E\u011fitim, \"mikro y\u00f6netimin ne anlama geldi\u011fini\" anlayarak y\u00f6neticilerin e\u011filimlerini fark etmelerine ve davran\u0131\u015flar\u0131n\u0131 buna g\u00f6re ayarlamalar\u0131na yard\u0131mc\u0131 olabilir. E\u011fitim ayr\u0131ca beklentileri net bir \u015fekilde belirlemenin ve yap\u0131c\u0131 geri bildirim sa\u011flaman\u0131n \u00f6nemini vurgulayarak \u00e7al\u0131\u015fanlar\u0131n daha fazla \u00f6zerklik ve hesap verebilirlikle \u00e7al\u0131\u015fmas\u0131na olanak tan\u0131r. Ayr\u0131ca, liderlik geli\u015ftirme programlar\u0131 b\u00fcy\u00fcme zihniyetini geli\u015ftirerek y\u00f6neticilerin kat\u0131 kontrol yerine i\u015fbirli\u011fi ve inovasyonu benimsemelerine yard\u0131mc\u0131 olabilir. Liderlik e\u011fitimine yat\u0131r\u0131m yapmak sadece y\u00f6neticilere fayda sa\u011flamakla kalmaz, ayn\u0131 zamanda ekip dinamiklerini ve kurum k\u00fclt\u00fcr\u00fcn\u00fc de geli\u015ftirir. Kurulu\u015flar liderlik geli\u015fimine \u00f6ncelik vererek \u00fcretkenli\u011fi ve \u00e7al\u0131\u015fan memnuniyetini destekleyen daha olumlu bir \u00e7al\u0131\u015fma ortam\u0131 yaratabilirler.<\/p>\n\n\n\n<h3 class=\"wp-block-heading\">G\u00fcven Olu\u015fturmak<\/h3>\n\n\n\n<p>G\u00fcven olu\u015fturmak, mikro y\u00f6netimin \u00fcstesinden gelmek ve sa\u011fl\u0131kl\u0131 bir i\u015fyerini te\u015fvik etmek i\u00e7in \u00e7ok \u00f6nemli bir ad\u0131md\u0131r. G\u00fcven, \u00e7al\u0131\u015fanlar\u0131 g\u00fc\u00e7lendirmek i\u00e7in temeldir ve s\u00fcrekli g\u00f6zetim korkusu olmadan ba\u011f\u0131ms\u0131z \u00e7al\u0131\u015fmalar\u0131na olanak tan\u0131r. Y\u00f6neticiler, ekiplerinin yeteneklerine g\u00fcven duyduklar\u0131n\u0131 g\u00f6stererek, onlara karar verme \u00f6zerkli\u011fi sa\u011flayarak ve a\u00e7\u0131k ileti\u015fimi te\u015fvik ederek g\u00fcven in\u015fa edebilirler. D\u00fczenli geri bildirim seanslar\u0131, beklentilerin net bir \u015fekilde belirlenmesine yard\u0131mc\u0131 olabilir ve \u00e7al\u0131\u015fanlar\u0131n uzmanl\u0131\u011f\u0131na sayg\u0131 g\u00f6sterirken destek sunabilir. G\u00fcven ba\u011flam\u0131nda \"mikro y\u00f6netimin ne anlama geldi\u011fini\" anlamak, kontrolden i\u015fbirli\u011fine ge\u00e7menin \u00f6nemini vurgular. Y\u00f6neticiler s\u00fcre\u00e7lerden ziyade sonu\u00e7lara odaklanmal\u0131, performans\u0131 s\u00fcrekli denetim yerine sonu\u00e7lara g\u00f6re de\u011ferlendirmelidir. Y\u00f6neticiler, \u00e7al\u0131\u015fanlar\u0131n katk\u0131lar\u0131n\u0131 tan\u0131yarak ve onlara de\u011fer vererek daha olumlu ve motive edici bir \u00e7al\u0131\u015fma ortam\u0131 yaratabilirler. G\u00fcven tesis edildi\u011finde, \u00e7al\u0131\u015fanlar kendilerini daha g\u00fcvende ve ba\u011fl\u0131 hisseder, bu da \u00fcretkenli\u011fin ve i\u015f memnuniyetinin artmas\u0131na yol a\u00e7ar. G\u00fcven olu\u015fturmak nihayetinde mikro y\u00f6netim d\u00fcrt\u00fcs\u00fcn\u00fc azaltarak hem ekibe hem de kuruma fayda sa\u011flar.<\/p>\n\n\n\n<h3 class=\"wp-block-heading\">\u00d6zerkli\u011fi Te\u015fvik Etmek<\/h3>\n\n\n\n<p>\u00d6zerkli\u011fi te\u015fvik etmek, mikro y\u00f6netimin \u00fcstesinden gelmek ve daha \u00fcretken bir i\u015fyerini te\u015fvik etmek i\u00e7in hayati \u00f6nem ta\u015f\u0131r. \u00d6zerklik, \u00e7al\u0131\u015fanlar\u0131n g\u00f6revlerini sahiplenmelerine, kararlar almalar\u0131na ve s\u00fcrekli g\u00f6zetim olmadan yenilik yapmalar\u0131na olanak tan\u0131r. Y\u00f6neticiler, hedefleri ve beklentileri a\u00e7\u0131k\u00e7a tan\u0131mlayarak ve ard\u0131ndan \u00e7al\u0131\u015fanlara bunlara nas\u0131l ula\u015facaklar\u0131n\u0131 belirleme \u00f6zg\u00fcrl\u00fc\u011f\u00fc vererek \u00f6zerkli\u011fi te\u015fvik edebilirler. Bu yakla\u015f\u0131m sadece \u00e7al\u0131\u015fanlar\u0131 g\u00fc\u00e7lendirmekle kalmaz, ayn\u0131 zamanda onlar\u0131n sorun \u00e7\u00f6zme becerilerini ve yarat\u0131c\u0131l\u0131klar\u0131n\u0131 da besler. \"Mikro y\u00f6netimin ne anlama geldi\u011fini\" anlamak, y\u00f6neticilerin hadlerini a\u015ft\u0131klar\u0131n\u0131 fark etmelerine ve bireysel inisiyatife daha fazla yer a\u00e7malar\u0131na yard\u0131mc\u0131 olur. \u00c7al\u0131\u015fanlar\u0131n deneme yapmak ve hatalar\u0131ndan ders \u00e7\u0131karmak i\u00e7in kendilerini g\u00fcvende hissettikleri destekleyici bir ortam yaratmak \u00f6nemlidir. D\u00fczenli kontroller, ba\u011f\u0131ms\u0131zl\u0131\u011f\u0131 bo\u011fmadan rehberlik sunarak s\u00fcrekli denetimin yerini alabilir. \u00d6zerkli\u011fi te\u015fvik etmek, \u00e7al\u0131\u015fanlar kendilerine g\u00fcvenildi\u011fini ve de\u011fer verildi\u011fini hissettik\u00e7e daha ba\u011fl\u0131 ve motive bir i\u015fg\u00fcc\u00fcne yol a\u00e7ar. Mikro y\u00f6netimden kendine g\u00fcven ve yetkilendirmeye ge\u00e7i\u015f, i\u015f memnuniyetini, \u00fcretkenli\u011fi ve genel kurumsal ba\u015far\u0131y\u0131 \u00f6nemli \u00f6l\u00e7\u00fcde art\u0131rabilir.<\/p>","protected":false},"excerpt":{"rendered":"Micromanagement is a term that often surfaces in discussions about workplace dynamics, yet its true meaning can sometimes be misunderstood. Essentially, it refers to a management style where a manager closely observes or controls the work of&#8230;","protected":false},"author":27,"featured_media":0,"comment_status":"closed","ping_status":"closed","sticky":false,"template":"","format":"standard","meta":{"footnotes":""},"categories":[87],"tags":[],"class_list":["post-13452","post","type-post","status-publish","format-standard","hentry","category-resources"],"yoast_head":"<!-- This site is optimized with the Yoast SEO Premium plugin v23.8 (Yoast SEO v24.3) - https:\/\/yoast.com\/wordpress\/plugins\/seo\/ -->\n<title>Understanding Micromanagement: What Does It Really Mean? - Teamdeck<\/title>\n<meta name=\"description\" content=\"Micromanagement is a term that often surfaces in discussions about workplace dynamics, yet its true meaning can sometimes be misunderstood. Essentially,\" \/>\n<meta name=\"robots\" content=\"index, follow, max-snippet:-1, max-image-preview:large, max-video-preview:-1\" \/>\n<link rel=\"canonical\" href=\"https:\/\/teamdeck.io\/tr\/kaynaklar\/micromanaging-ne-demek\/\" \/>\n<meta property=\"og:locale\" content=\"tr_TR\" \/>\n<meta property=\"og:type\" content=\"article\" \/>\n<meta property=\"og:title\" content=\"Understanding Micromanagement: What Does It Really Mean?\" \/>\n<meta property=\"og:description\" content=\"Micromanagement is a term that often surfaces in discussions about workplace dynamics, yet its true meaning can sometimes be misunderstood. Essentially,\" \/>\n<meta property=\"og:url\" content=\"https:\/\/teamdeck.io\/tr\/kaynaklar\/micromanaging-ne-demek\/\" \/>\n<meta property=\"og:site_name\" content=\"Teamdeck\" \/>\n<meta property=\"article:publisher\" content=\"https:\/\/www.facebook.com\/helloteamdeck\" \/>\n<meta property=\"article:published_time\" content=\"2024-11-12T20:18:12+00:00\" \/>\n<meta name=\"author\" content=\"Maciej \u015awitek\" \/>\n<meta name=\"twitter:card\" content=\"summary_large_image\" \/>\n<meta name=\"twitter:creator\" content=\"@helloteamdeck\" \/>\n<meta name=\"twitter:site\" content=\"@helloteamdeck\" \/>\n<meta name=\"twitter:label1\" content=\"Written by\" \/>\n\t<meta name=\"twitter:data1\" content=\"Maciej \u015awitek\" \/>\n\t<meta name=\"twitter:label2\" content=\"Est. reading time\" \/>\n\t<meta name=\"twitter:data2\" content=\"11 minutes\" \/>\n<script type=\"application\/ld+json\" class=\"yoast-schema-graph\">{\"@context\":\"https:\/\/schema.org\",\"@graph\":[{\"@type\":\"WebPage\",\"@id\":\"https:\/\/teamdeck.io\/resources\/what-is-micromanaging-mean\/\",\"url\":\"https:\/\/teamdeck.io\/resources\/what-is-micromanaging-mean\/\",\"name\":\"Understanding Micromanagement: What Does It Really Mean? - Teamdeck\",\"isPartOf\":{\"@id\":\"https:\/\/teamdeck.io\/#website\"},\"datePublished\":\"2024-11-12T20:18:12+00:00\",\"dateModified\":\"2024-11-12T20:18:12+00:00\",\"author\":{\"@id\":\"https:\/\/teamdeck.io\/#\/schema\/person\/7199332261ada9397c15d772745df0d1\"},\"description\":\"Micromanagement is a term that often surfaces in discussions about workplace dynamics, yet its true meaning can sometimes be misunderstood. Essentially,\",\"breadcrumb\":{\"@id\":\"https:\/\/teamdeck.io\/resources\/what-is-micromanaging-mean\/#breadcrumb\"},\"inLanguage\":\"tr-TR\",\"potentialAction\":[{\"@type\":\"ReadAction\",\"target\":[\"https:\/\/teamdeck.io\/resources\/what-is-micromanaging-mean\/\"]}]},{\"@type\":\"BreadcrumbList\",\"@id\":\"https:\/\/teamdeck.io\/resources\/what-is-micromanaging-mean\/#breadcrumb\",\"itemListElement\":[{\"@type\":\"ListItem\",\"position\":1,\"name\":\"Home\",\"item\":\"https:\/\/teamdeck.io\/\"},{\"@type\":\"ListItem\",\"position\":2,\"name\":\"Understanding Micromanagement: What Does It Really Mean?\"}]},{\"@type\":\"WebSite\",\"@id\":\"https:\/\/teamdeck.io\/#website\",\"url\":\"https:\/\/teamdeck.io\/\",\"name\":\"Teamdeck\",\"description\":\"resource scheduling + time tracking + leave management\",\"potentialAction\":[{\"@type\":\"SearchAction\",\"target\":{\"@type\":\"EntryPoint\",\"urlTemplate\":\"https:\/\/teamdeck.io\/?s={search_term_string}\"},\"query-input\":{\"@type\":\"PropertyValueSpecification\",\"valueRequired\":true,\"valueName\":\"search_term_string\"}}],\"inLanguage\":\"tr-TR\"},{\"@type\":\"Person\",\"@id\":\"https:\/\/teamdeck.io\/#\/schema\/person\/7199332261ada9397c15d772745df0d1\",\"name\":\"Maciej \u015awitek\",\"image\":{\"@type\":\"ImageObject\",\"inLanguage\":\"tr-TR\",\"@id\":\"https:\/\/teamdeck.io\/#\/schema\/person\/image\/\",\"url\":\"https:\/\/secure.gravatar.com\/avatar\/025cfa8a7b1837fd6f3d4a372dc8df39?s=96&d=mm&r=g\",\"contentUrl\":\"https:\/\/secure.gravatar.com\/avatar\/025cfa8a7b1837fd6f3d4a372dc8df39?s=96&d=mm&r=g\",\"caption\":\"Maciej \u015awitek\"}}]}<\/script>\n<!-- \/ Yoast SEO Premium plugin. -->","yoast_head_json":{"title":"Understanding Micromanagement: What Does It Really Mean? - Teamdeck","description":"Micromanagement is a term that often surfaces in discussions about workplace dynamics, yet its true meaning can sometimes be misunderstood. Essentially,","robots":{"index":"index","follow":"follow","max-snippet":"max-snippet:-1","max-image-preview":"max-image-preview:large","max-video-preview":"max-video-preview:-1"},"canonical":"https:\/\/teamdeck.io\/tr\/kaynaklar\/micromanaging-ne-demek\/","og_locale":"tr_TR","og_type":"article","og_title":"Understanding Micromanagement: What Does It Really Mean?","og_description":"Micromanagement is a term that often surfaces in discussions about workplace dynamics, yet its true meaning can sometimes be misunderstood. Essentially,","og_url":"https:\/\/teamdeck.io\/tr\/kaynaklar\/micromanaging-ne-demek\/","og_site_name":"Teamdeck","article_publisher":"https:\/\/www.facebook.com\/helloteamdeck","article_published_time":"2024-11-12T20:18:12+00:00","author":"Maciej \u015awitek","twitter_card":"summary_large_image","twitter_creator":"@helloteamdeck","twitter_site":"@helloteamdeck","twitter_misc":{"Written by":"Maciej \u015awitek","Est. reading time":"11 minutes"},"schema":{"@context":"https:\/\/schema.org","@graph":[{"@type":"WebPage","@id":"https:\/\/teamdeck.io\/resources\/what-is-micromanaging-mean\/","url":"https:\/\/teamdeck.io\/resources\/what-is-micromanaging-mean\/","name":"Understanding Micromanagement: What Does It Really Mean? - Teamdeck","isPartOf":{"@id":"https:\/\/teamdeck.io\/#website"},"datePublished":"2024-11-12T20:18:12+00:00","dateModified":"2024-11-12T20:18:12+00:00","author":{"@id":"https:\/\/teamdeck.io\/#\/schema\/person\/7199332261ada9397c15d772745df0d1"},"description":"Micromanagement is a term that often surfaces in discussions about workplace dynamics, yet its true meaning can sometimes be misunderstood. Essentially,","breadcrumb":{"@id":"https:\/\/teamdeck.io\/resources\/what-is-micromanaging-mean\/#breadcrumb"},"inLanguage":"tr-TR","potentialAction":[{"@type":"ReadAction","target":["https:\/\/teamdeck.io\/resources\/what-is-micromanaging-mean\/"]}]},{"@type":"BreadcrumbList","@id":"https:\/\/teamdeck.io\/resources\/what-is-micromanaging-mean\/#breadcrumb","itemListElement":[{"@type":"ListItem","position":1,"name":"Home","item":"https:\/\/teamdeck.io\/"},{"@type":"ListItem","position":2,"name":"Understanding Micromanagement: What Does It Really Mean?"}]},{"@type":"WebSite","@id":"https:\/\/teamdeck.io\/#website","url":"https:\/\/teamdeck.io\/","name":"Teamdeck","description":"resource scheduling + time tracking + leave management","potentialAction":[{"@type":"SearchAction","target":{"@type":"EntryPoint","urlTemplate":"https:\/\/teamdeck.io\/?s={search_term_string}"},"query-input":{"@type":"PropertyValueSpecification","valueRequired":true,"valueName":"search_term_string"}}],"inLanguage":"tr-TR"},{"@type":"Person","@id":"https:\/\/teamdeck.io\/#\/schema\/person\/7199332261ada9397c15d772745df0d1","name":"Maciej \u015awitek","image":{"@type":"ImageObject","inLanguage":"tr-TR","@id":"https:\/\/teamdeck.io\/#\/schema\/person\/image\/","url":"https:\/\/secure.gravatar.com\/avatar\/025cfa8a7b1837fd6f3d4a372dc8df39?s=96&d=mm&r=g","contentUrl":"https:\/\/secure.gravatar.com\/avatar\/025cfa8a7b1837fd6f3d4a372dc8df39?s=96&d=mm&r=g","caption":"Maciej \u015awitek"}}]}},"_links":{"self":[{"href":"https:\/\/teamdeck.io\/tr\/wp-json\/wp\/v2\/posts\/13452","targetHints":{"allow":["GET"]}}],"collection":[{"href":"https:\/\/teamdeck.io\/tr\/wp-json\/wp\/v2\/posts"}],"about":[{"href":"https:\/\/teamdeck.io\/tr\/wp-json\/wp\/v2\/types\/post"}],"author":[{"embeddable":true,"href":"https:\/\/teamdeck.io\/tr\/wp-json\/wp\/v2\/users\/27"}],"replies":[{"embeddable":true,"href":"https:\/\/teamdeck.io\/tr\/wp-json\/wp\/v2\/comments?post=13452"}],"version-history":[{"count":1,"href":"https:\/\/teamdeck.io\/tr\/wp-json\/wp\/v2\/posts\/13452\/revisions"}],"predecessor-version":[{"id":13453,"href":"https:\/\/teamdeck.io\/tr\/wp-json\/wp\/v2\/posts\/13452\/revisions\/13453"}],"wp:attachment":[{"href":"https:\/\/teamdeck.io\/tr\/wp-json\/wp\/v2\/media?parent=13452"}],"wp:term":[{"taxonomy":"category","embeddable":true,"href":"https:\/\/teamdeck.io\/tr\/wp-json\/wp\/v2\/categories?post=13452"},{"taxonomy":"post_tag","embeddable":true,"href":"https:\/\/teamdeck.io\/tr\/wp-json\/wp\/v2\/tags?post=13452"}],"curies":[{"name":"wp","href":"https:\/\/api.w.org\/{rel}","templated":true}]}}