{"id":13063,"date":"2024-06-11T22:30:45","date_gmt":"2024-06-11T20:30:45","guid":{"rendered":"https:\/\/teamdeck.io\/?p=13063"},"modified":"2024-06-11T22:30:46","modified_gmt":"2024-06-11T20:30:46","slug":"what-is-allocation-by-need","status":"publish","type":"post","link":"https:\/\/teamdeck.io\/lv\/resursi\/kas-ir-pieskirsana-pec-vajadzibas\/","title":{"rendered":"Kas ir pie\u0161\u0137ir\u0161ana p\u0113c vajadz\u012bbas"},"content":{"rendered":"<p>Pie\u0161\u0137ir\u0161ana p\u0113c vajadz\u012bb\u0101m ir princips, kas nodro\u0161ina, ka resursi un pakalpojumi tiek sadal\u012bti, pamatojoties uz individu\u0101l\u0101m vajadz\u012bb\u0101m, nevis izmantojot univers\u0101lu pieeju. \u0160\u012b koncepcija ir \u013coti svar\u012bga da\u017e\u0101d\u0101s nozar\u0113s, tostarp vesel\u012bbas apr\u016bp\u0113, izgl\u012bt\u012bb\u0101 un soci\u0101lajos pakalpojumos, kur m\u0113r\u0137is ir nov\u0113rst at\u0161\u0137ir\u012bbas un sniegt atbalstu tur, kur tas ir visvair\u0101k nepiecie\u0161ams. Izpratne par to, kas tiek pie\u0161\u0137irts p\u0113c vajadz\u012bbas, var pal\u012bdz\u0113t organiz\u0101cij\u0101m un indiv\u012bdiem pie\u0146emt taisn\u012bg\u0101kus l\u0113mumus, veicinot taisn\u012bg\u0101ku sabiedr\u012bbu. \u0160aj\u0101 dokument\u0101 m\u0113s iedzi\u013cin\u0101simies resursu pie\u0161\u0137ir\u0161anas procesa sare\u017e\u0123\u012bt\u012bb\u0101s, \u0146emot v\u0113r\u0101 vajadz\u012bbas, p\u0113tot t\u0101 noz\u012bmi, \u012bsteno\u0161anu un ietekmi da\u017e\u0101d\u0101s jom\u0101s.<\/p>\n\n\n\n<h2 class=\"wp-block-heading\">Izpratne par pie\u0161\u0137ir\u0161anu p\u0113c vajadz\u012bbas<\/h2>\n\n\n\n<h3 class=\"wp-block-heading\">Kas ir pie\u0161\u0137ir\u0161ana p\u0113c vajadz\u012bbas?<\/h3>\n\n\n\n<p>Pie\u0161\u0137ir\u0161ana p\u0113c vajadz\u012bb\u0101m ir resursu un pakalpojumu sadales prakse, kas balst\u0101s uz indiv\u012bdu vai grupu \u012bpa\u0161\u0101m vajadz\u012bb\u0101m. T\u0101 viet\u0101, lai piem\u0113rotu vienotu sadales metodi, \u0161\u012b pieeja nosaka priorit\u0101tes tiem, kam nepiecie\u0161ams visliel\u0101kais atbalsts. Piem\u0113ram, vesel\u012bbas apr\u016bp\u0113 pacienti ar smag\u0101m saslim\u0161an\u0101m sa\u0146em intens\u012bv\u0101ku \u0101rst\u0113\u0161anu nek\u0101 pacienti ar viegl\u0101m saslim\u0161an\u0101m. Izgl\u012bt\u012bb\u0101 papildu l\u012bdzek\u013cus var\u0113tu pie\u0161\u0137irt skol\u0101m maz\u0101k att\u012bst\u012btos re\u0123ionos, lai izl\u012bdzin\u0101tu konkurences apst\u0101k\u013cus. M\u0113r\u0137is ir nodro\u0161in\u0101t, lai ikvienam b\u016btu pieejami nepiecie\u0161amie resursi taisn\u012bga rezult\u0101ta sasnieg\u0161anai. \u0160is princips ir \u013coti svar\u012bgs, lai mazin\u0101tu nevienl\u012bdz\u012bbu un veicin\u0101tu taisn\u012bg\u0101ku un vienl\u012bdz\u012bg\u0101ku sabiedr\u012bbu. Izpratne par to, kas ir pie\u0161\u0137\u012brums p\u0113c vajadz\u012bb\u0101m, \u013cauj organiz\u0101cij\u0101m pie\u0146emt pamatotus, taisn\u012bgus l\u0113mumus un pie\u0161\u0137irt resursus, kas atbilst kopienu unik\u0101laj\u0101m vajadz\u012bb\u0101m.<\/p>\n\n\n\n<h3 class=\"wp-block-heading\">V\u0113sturiskais konteksts<\/h3>\n\n\n\n<p>Pie\u0161\u0137ir\u0161anas p\u0113c vajadz\u012bb\u0101m koncepcijai ir dzi\u013cas v\u0113sturiskas saknes, jo \u012bpa\u0161i soci\u0101l\u0101s labkl\u0101j\u012bbas un valsts politikas jom\u0101. Laikmet\u0101 p\u0113c Otr\u0101 pasaules kara daudzas Eiropas valstis, tostarp Apvienot\u0101 Karaliste, pie\u0146\u0113ma labkl\u0101j\u012bbas valsts mode\u013cus, lai risin\u0101tu soci\u0101l\u0101s nevienl\u012bdz\u012bbas probl\u0113mu. Nacion\u0101lais vesel\u012bbas dienests (NHS), kas tika izveidots 1948. gad\u0101, ir spilgts piem\u0113rs tam, ka vesel\u012bbas apr\u016bpes pakalpojumi tiek sniegti, pamatojoties uz kl\u012bniskaj\u0101m vajadz\u012bb\u0101m, nevis maks\u0101tsp\u0113ju. \u0160\u012b pieeja tika izstr\u0101d\u0101ta, lai nodro\u0161in\u0101tu, ka visi iedz\u012bvot\u0101ji neatkar\u012bgi no vi\u0146u ekonomisk\u0101 st\u0101vok\u013ca sa\u0146emtu nepiecie\u0161amo medic\u012bnisko apr\u016bpi. Laika gait\u0101 princips, kas paredz sadal\u012bjumu p\u0113c vajadz\u012bb\u0101m, ir attiecin\u0101ts ne tikai uz vesel\u012bbas apr\u016bpi, bet ar\u012b uz cit\u0101m nozar\u0113m, piem\u0113ram, izgl\u012bt\u012bbu un soci\u0101lajiem pakalpojumiem, lai mazin\u0101tu at\u0161\u0137ir\u012bbas un veicin\u0101tu soci\u0101lo taisn\u012bgumu. Izpratne par to, kas ir pie\u0161\u0137ir\u0161ana p\u0113c vajadz\u012bbas, pal\u012bdz mums nov\u0113rt\u0113t t\u0101s noz\u012bmi un politikas att\u012bst\u012bbu, kuras m\u0113r\u0137is ir veicin\u0101t taisn\u012bgumu.<\/p>\n\n\n\n<h3 class=\"wp-block-heading\">K\u0101p\u0113c tas ir svar\u012bgi<\/h3>\n\n\n\n<p>Pie\u0161\u0137ir\u0161ana p\u0113c vajadz\u012bb\u0101m ir \u013coti svar\u012bga, jo t\u0101 nov\u0113r\u0161 at\u0161\u0137ir\u012bbas un veicina taisn\u012bgu resursu sadali. Ja neb\u016btu \u0161\u012b principa, resursus var\u0113tu nesam\u0113r\u012bgi sa\u0146emt tie, kam jau ir priek\u0161roc\u012bbas, un t\u0101d\u0113j\u0101di palielin\u0101tos soci\u0101l\u0101 nevienl\u012bdz\u012bba. Piem\u0113ram, vesel\u012bbas apr\u016bp\u0113 sadal\u012bjums p\u0113c vajadz\u012bb\u0101m nodro\u0161ina, ka vissmag\u0101kie pacienti sa\u0146em visliel\u0101ko uzman\u012bbu, kas var b\u016bt dz\u012bv\u012bbas un n\u0101ves jaut\u0101jums. Izgl\u012bt\u012bb\u0101 tas pal\u012bdz skol\u0101m, kur\u0101m ir nepietiekams finans\u0113jums, sa\u0146emt nepiecie\u0161amo atbalstu, lai nodro\u0161in\u0101tu kvalitat\u012bvu izgl\u012bt\u012bbu visiem skol\u0113niem neatkar\u012bgi no vi\u0146u izcelsmes. \u0160\u0101da pieeja veicina taisn\u012bg\u0101ku sabiedr\u012bbu, kur\u0101 ikvienam ir iesp\u0113ja g\u016bt pan\u0101kumus. Izpratne par to, kas tiek pie\u0161\u0137irts p\u0113c vajadz\u012bb\u0101m, pal\u012bdz izcelt piel\u0101gotas resursu sadales noz\u012bmi un mudina organiz\u0101cijas pie\u0146emt praksi, kas atbalsta visneaizsarg\u0101t\u0101kos. T\u0101d\u0113j\u0101di tiek nodro\u0161in\u0101ts, ka visi sabiedr\u012bbas locek\u013ci var piek\u013c\u016bt resursiem un prasm\u0113m, kas vi\u0146iem nepiecie\u0161amas, lai g\u016btu pan\u0101kumus.<\/p>\n\n\n\n<h2 class=\"wp-block-heading\">Pie\u0161\u0137ir\u0161anas p\u0113c vajadz\u012bbas principi<\/h2>\n\n\n\n<h3 class=\"wp-block-heading\">Galvenie j\u0113dzieni<\/h3>\n\n\n\n<p>Pie\u0161\u0137ir\u0161anas principa pamat\u0101 ir vair\u0101ki galvenie j\u0113dzieni. Pirmk\u0101rt, <strong>pa\u0161u kapit\u0101ls<\/strong> ir galven\u0101, nodro\u0161inot, ka resursi tiek sadal\u012bti, pamatojoties uz individu\u0101l\u0101m vajadz\u012bb\u0101m, nevis vienl\u012bdz\u012bgi. Tas ir pretstat\u0101 vienl\u012bdz\u012bbai, kad visi sa\u0146em vien\u0101du daudzumu neatkar\u012bgi no vajadz\u012bb\u0101m. Otrk\u0101rt, <strong>tria\u017ea<\/strong> ir iz\u0161\u0137iro\u0161a noz\u012bme resursu p\u0101rvald\u012bb\u0101, jo \u012bpa\u0161i vesel\u012bbas apr\u016bp\u0113, nosakot priorit\u0101tes tiem, kam ir vissteidzam\u0101k\u0101s vajadz\u012bbas. Tre\u0161k\u0101rt, <strong>proporcionalit\u0101te<\/strong> nodro\u0161ina, ka pie\u0161\u0137irto resursu apjoms ir sam\u0113r\u012bgs ar vajadz\u012bbu nopietn\u012bbu. Ceturtk\u0101rt, <strong>pieejam\u012bba<\/strong> ir \u013coti svar\u012bga, jo nodro\u0161ina, ka b\u016btiskie pakalpojumi ir pieejami tiem, kam tie visvair\u0101k vajadz\u012bgi. Visbeidzot, <strong>p\u0101rskatatbild\u012bba<\/strong> nodro\u0161ina, ka l\u0113mumi par resursu sadali ir p\u0101rredzami un pamatoti. Izpratne par \u0161iem galvenajiem j\u0113dzieniem pal\u012bdz noskaidrot, kas ir resursu sadale p\u0113c vajadz\u012bbas, un nodro\u0161ina pamatu taisn\u012bgas sadales politikas \u012bsteno\u0161anai da\u017e\u0101d\u0101s nozar\u0113s. \u0160ie principi kop\u012bgi pal\u012bdz mazin\u0101t nevienl\u012bdz\u012bbu un veicin\u0101t taisn\u012bg\u0101ku sabiedr\u012bbu.<\/p>\n\n\n\n<h3 class=\"wp-block-heading\">\u0112tiski apsv\u0113rumi<\/h3>\n\n\n\n<p>\u0112tiski apsv\u0113rumi ir \u013coti svar\u012bgi, apsprie\u017eot resursu pie\u0161\u0137ir\u0161anu p\u0113c vajadz\u012bbas. Viens no galvenajiem \u0113tiskajiem jaut\u0101jumiem ir <strong>tiesiskums<\/strong>, kas ietver taisn\u012bgas un objekt\u012bvas resursu sadales nodro\u0161in\u0101\u0161anu. Tas noz\u012bm\u0113, ka priorit\u0101te j\u0101pie\u0161\u0137ir tiem, kam tas visvair\u0101k nepiecie\u0161ams, bez diskrimin\u0101cijas. V\u0113l viens b\u016btisks apsv\u0113rums ir <strong>autonomija<\/strong>, respekt\u0113jot personu ties\u012bbas pie\u0146emt l\u0113mumus par vi\u0146u apr\u016bpi vai pakalpojumiem. L\u012bdzsvars <strong>labdar\u012bba<\/strong> un <strong>non-maleficence<\/strong> ir ar\u012b b\u016btiski; izplat\u012b\u0161anas m\u0113r\u0137im ir j\u0101b\u016bt labumam un j\u0101izvair\u0101s no kait\u0113juma. V\u0113l viens \u0113tisks imperat\u012bvs ir l\u0113mumu pie\u0146em\u0161anas procesu p\u0101rredzam\u012bba, nodro\u0161inot, ka sadales krit\u0113riji ir skaidri un pamatoti. Visbeidzot, princips <strong>solidarit\u0101te<\/strong> mudina uz kolekt\u012bvo atbild\u012bbu atbalst\u012bt visneaizsarg\u0101t\u0101kos sabiedr\u012bbas locek\u013cus. Izpratne par \u0161iem \u0113tiskajiem apsv\u0113rumiem pal\u012bdz organiz\u0101cij\u0101m un politikas veidot\u0101jiem pie\u0146emt pamatot\u0101kus l\u0113mumus par to, kas tiek pie\u0161\u0137irts p\u0113c vajadz\u012bbas, nodro\u0161inot, ka resursu sadale atbilst mor\u0101les un \u0113tikas standartiem. Tas veicina uztic\u0113\u0161anos un taisn\u012bgumu resursu sadales sist\u0113m\u0101s.<\/p>\n\n\n\n<h3 class=\"wp-block-heading\">Praktiskie lietojumi<\/h3>\n\n\n\n<p>Pie\u0161\u0137ir\u0161anas p\u0113c vajadz\u012bb\u0101m praktiskais pielietojums aptver da\u017e\u0101das nozares, tie\u0161i ietekm\u0113jot indiv\u012bdu dz\u012bvi. In <strong>vesel\u012bbas apr\u016bpe<\/strong>, \u0161is princips nodro\u0161ina, ka pacienti ar smagiem st\u0101vok\u013ciem sa\u0146em priorit\u0101ru \u0101rst\u0113\u0161anu, t\u0101d\u0113j\u0101di optimiz\u0113jot vesel\u012bbas st\u0101vok\u013ca r\u0101d\u012bt\u0101jus. Piem\u0113ram, pand\u0113mijas laik\u0101 t\u0101di resursi k\u0101 ventilatori un vakc\u012bnas tiek pie\u0161\u0137irti, pamatojoties uz kl\u012bnisko steidzam\u012bbu. Port\u0101l\u0101 . <strong>izgl\u012bt\u012bba<\/strong>, pie\u0161\u0137\u012brums atkar\u012bb\u0101 no vajadz\u012bb\u0101m \u013cauj skol\u0101m maz\u0101k att\u012bst\u012btos re\u0123ionos sa\u0146emt papildu finans\u0113jumu un resursus, t\u0101d\u0113j\u0101di pal\u012bdzot mazin\u0101t sasniegumu at\u0161\u0137ir\u012bbas. Ar\u012b soci\u0101lie dienesti, piem\u0113ram, t\u0101dos projektos k\u0101 m\u0101jok\u013cu un labkl\u0101j\u012bbas programmas, izmanto \u0161o principu, lai atbalst\u012btu cilv\u0113kus, kas non\u0101ku\u0161i smagos apst\u0101k\u013cos, nodro\u0161inot, ka pal\u012bdz\u012bba non\u0101k pie tiem, kam t\u0101 visvair\u0101k vajadz\u012bga. <strong>Katastrofu seku likvid\u0113\u0161anas pas\u0101kumi<\/strong> izmantot pie\u0161\u0137\u012brumu atkar\u012bb\u0101 no vajadz\u012bb\u0101m, lai novirz\u012btu resursus vissmag\u0101k skartaj\u0101m teritorij\u0101m, t\u0101d\u0113j\u0101di maksim\u0101li palielinot pal\u012bdz\u012bbas sadales efektivit\u0101ti. Izpratne par to, kas ir pie\u0161\u0137ir\u0161ana p\u0113c vajadz\u012bb\u0101m, \u013cauj politikas veidot\u0101jiem un organiz\u0101cij\u0101m efekt\u012bvi \u012bstenot \u0161o praksi, nodro\u0161inot, ka resursi tiek izmantoti tur, kur tie var rad\u012bt visliel\u0101ko ietekmi.<\/p>\n\n\n\n<h2 class=\"wp-block-heading\">Pie\u0161\u0137ir\u0161ana p\u0113c vajadz\u012bbas praks\u0113<\/h2>\n\n\n\n<h3 class=\"wp-block-heading\">Vesel\u012bbas apr\u016bpes nozare<\/h3>\n\n\n\n<p>Vesel\u012bbas apr\u016bpes nozar\u0113 pie\u0161\u0137\u012brums atkar\u012bb\u0101 no vajadz\u012bb\u0101m ir \u013coti svar\u012bgs, lai nodro\u0161in\u0101tu vienl\u012bdz\u012bgu piek\u013cuvi medic\u012bnas pakalpojumiem. \u0160is princips bie\u017ei tiek piem\u0113rots, izmantojot \u0161\u0137iro\u0161anas sist\u0113mas neatliekam\u0101s pal\u012bdz\u012bbas noda\u013c\u0101s, kur pacientus \u0101rst\u0113, pamatojoties uz vi\u0146u st\u0101vok\u013ca smagumu. Piem\u0113ram, pacientam ar dz\u012bv\u012bbai b\u012bstamu ievainojumu pal\u012bdz\u012bbu sniedz nekav\u0113joties, savuk\u0101rt pacienti ar viegl\u0101m saslim\u0161an\u0101m var gaid\u012bt ilg\u0101k. \u0160\u012b pieeja bija redzama ar\u012b COVID-19 pand\u0113mijas laik\u0101, kad t\u0101di resursi k\u0101 ventilatori un vakc\u012bnas tika sadal\u012bti atkar\u012bb\u0101 no kl\u012bnisk\u0101s steidzam\u012bbas, pieejam\u012bbas un neaizsarg\u0101t\u012bbas. Turkl\u0101t vesel\u012bbas apr\u016bpes finans\u0113juma sadale tiek veikta, \u0146emot v\u0113r\u0101 vajadz\u012bbas, t\u0101d\u0113j\u0101di nodro\u0161inot, ka nepietiekami apg\u0101d\u0101tie re\u0123ioni vai iedz\u012bvot\u0101ju grupas sa\u0146em nepiecie\u0161amo atbalstu, lai nov\u0113rstu at\u0161\u0137ir\u012bbas. Nosakot priorit\u0101ti tiem, kam tas visvair\u0101k nepiecie\u0161ams, vesel\u012bbas apr\u016bpes sist\u0113mas var uzlabot visp\u0101r\u0113jos sabiedr\u012bbas vesel\u012bbas rezult\u0101tus un veicin\u0101t taisn\u012bgumu. Izpratne par to, kas ir pie\u0161\u0137ir\u0161ana p\u0113c vajadz\u012bb\u0101m, pal\u012bdz vesel\u012bbas apr\u016bpes administratoriem pie\u0146emt pamatotus l\u0113mumus, kas uzlabo medic\u012bnas pakalpojumu efektivit\u0101ti un lietder\u012bbu.<\/p>\n\n\n\n<h3 class=\"wp-block-heading\">Izgl\u012bt\u012bbas resursi<\/h3>\n\n\n\n<p>Izgl\u012bt\u012bbas nozar\u0113 l\u012bdzek\u013cu pie\u0161\u0137ir\u0161ana atkar\u012bb\u0101 no vajadz\u012bb\u0101m nodro\u0161ina, ka resursi tiek sadal\u012bti t\u0101, lai atbalst\u012btu skol\u0113nus un skolas ar visliel\u0101kaj\u0101m vajadz\u012bb\u0101m. Tas var ietvert papildu finans\u0113jumu, specializ\u0113tas programmas un piek\u013cuvi pieredz\u0113ju\u0161iem pedagogiem. Skolas ekonomiski nelabv\u0113l\u012bgos re\u0123ionos bie\u017ei saskaras ar daudz\u0101m probl\u0113m\u0101m, piem\u0113ram, liel\u0101k\u0101m klas\u0113m un ierobe\u017eotiem m\u0101c\u012bbu l\u012bdzek\u013ciem. Novirzot resursus \u0161\u012bm skol\u0101m, pie\u0161\u0137irot tos atbilsto\u0161i vajadz\u012bb\u0101m, ir paredz\u0113ts izl\u012bdzin\u0101t konkurences apst\u0101k\u013cus, nodro\u0161inot visiem skol\u0113niem iesp\u0113ju g\u016bt pan\u0101kumus. Piem\u0113ram, programmas, kas pied\u0101v\u0101 bezmaksas \u0113din\u0101\u0161anu skol\u0101s, konsult\u0101cijas un atbalstu gar\u012bg\u0101s vesel\u012bbas jom\u0101, bie\u017ei vien priorit\u0101ti pie\u0161\u0137ir skol\u0113niem, kuriem tas ir visvair\u0101k nepiecie\u0161ams. Turkl\u0101t finans\u0113jums speci\u0101l\u0101s izgl\u012bt\u012bbas pakalpojumiem nodro\u0161ina, ka skol\u0113ni ar \u012bpa\u0161\u0101m vajadz\u012bb\u0101m sa\u0146em atbilsto\u0161u, vi\u0146u vajadz\u012bb\u0101m piel\u0101gotu atbalstu. Izpratne par to, kas tiek pie\u0161\u0137irts atkar\u012bb\u0101 no vajadz\u012bb\u0101m, pal\u012bdz politikas veidot\u0101jiem un pedagogiem rad\u012bt taisn\u012bg\u0101ku m\u0101c\u012bbu vidi, nodro\u0161inot, ka visiem skol\u0113niem neatkar\u012bgi no vi\u0146u izcelsmes ir pieejami resursi, kas vi\u0146iem nepiecie\u0161ami, lai piln\u012bb\u0101 izmantotu savu potenci\u0101lu.<\/p>\n\n\n\n<h3 class=\"wp-block-heading\">Soci\u0101lie pakalpojumi<\/h3>\n\n\n\n<p>Soci\u0101lo pakalpojumu jom\u0101 pieejamo resursu sadal\u012bjums p\u0113c vajadz\u012bb\u0101m ir b\u016btisks, lai apmierin\u0101tu neaizsarg\u0101to iedz\u012bvot\u0101ju grupu daudzveid\u012bg\u0101s vajadz\u012bbas. \u0160\u012b pieeja nodro\u0161ina, ka t\u0101di resursi k\u0101 m\u0101joklis, finansi\u0101l\u0101 pal\u012bdz\u012bba un konsult\u0101cijas tiek priorit\u0101ri pie\u0161\u0137irti tiem, kas saskaras ar visliel\u0101kaj\u0101m gr\u016bt\u012bb\u0101m. Piem\u0113ram, bezpajumtnieku patversm\u0113s vietas tiek pie\u0161\u0137irtas, pamatojoties uz steidzam\u012bbu, priek\u0161roku dodot \u0123imen\u0113m ar maziem b\u0113rniem vai person\u0101m ar smagiem vesel\u012bbas trauc\u0113jumiem. L\u012bdz\u012bgi ar\u012b labkl\u0101j\u012bbas programmas var sniegt iev\u0113rojam\u0101ku atbalstu person\u0101m ar invalidit\u0101ti vai hronisk\u0101m slim\u012bb\u0101m. Sadalei p\u0113c vajadz\u012bbas ir b\u016btiska noz\u012bme ar\u012b kr\u012bzes intervences dienestos, kur t\u016bl\u012bt\u0113ji resursi tiek novirz\u012bti vardarb\u012bbas \u0123imen\u0113 vai dabas katastrofu upuriem. Koncentr\u0113joties uz indiv\u012bdu un kopienu \u012bpa\u0161aj\u0101m vajadz\u012bb\u0101m, soci\u0101lie dienesti var efekt\u012bv\u0101k mazin\u0101t nabadz\u012bbas, vardarb\u012bbas un citu soci\u0101lo probl\u0113mu ietekmi. Izpratne par to, ko pie\u0161\u0137ir vajadz\u012bbas, pal\u012bdz soci\u0101lajiem darbiniekiem un politikas veidot\u0101jiem izstr\u0101d\u0101t intervences pas\u0101kumus, kas sniedz m\u0113r\u0137tiec\u012bgu atbalstu, veicinot taisn\u012bg\u0101ku un l\u012bdzj\u016bt\u012bg\u0101ku sabiedr\u012bbu.<\/p>\n\n\n\n<h2 class=\"wp-block-heading\">Ieguvumi un izaicin\u0101jumi<\/h2>\n\n\n\n<h3 class=\"wp-block-heading\">Priek\u0161roc\u012bbas<\/h3>\n\n\n\n<p>Viena no galvenaj\u0101m priek\u0161roc\u012bb\u0101m, ko dod l\u012bdzek\u013cu pie\u0161\u0137ir\u0161ana atkar\u012bb\u0101 no vajadz\u012bb\u0101m, ir iesp\u0113ja mazin\u0101t nevienl\u012bdz\u012bbu. Novirzot resursus tiem, kam tie visvair\u0101k vajadz\u012bgi, \u0161\u012b pieeja pal\u012bdz izl\u012bdzin\u0101t konkurences apst\u0101k\u013cus, nodro\u0161inot, ka visiem ir vien\u0101das iesp\u0113jas g\u016bt pan\u0101kumus. Vesel\u012bbas apr\u016bp\u0113 tas var nodro\u0161in\u0101t lab\u0101kus rezult\u0101tus pacientiem ar smag\u0101m saslim\u0161an\u0101m. Izgl\u012bt\u012bb\u0101 t\u0101 var pal\u012bdz\u0113t skol\u0113niem no nelabv\u0113l\u012bg\u0101k\u0101 situ\u0101cij\u0101 eso\u0161\u0101m \u0123imen\u0113m piln\u012bb\u0101 \u012bstenot savu potenci\u0101lu. Turkl\u0101t l\u012bdzek\u013cu pie\u0161\u0137ir\u0161ana, \u0146emot v\u0113r\u0101 vajadz\u012bbas, var uzlabot visp\u0101r\u0113jo efektivit\u0101ti, nodro\u0161inot, ka resursi tiek izmantoti tur, kur tiem var b\u016bt visliel\u0101k\u0101 ietekme. \u0160\u0101da m\u0113r\u0137tiec\u012bga pieeja var nov\u0113rst l\u012bdzek\u013cu iz\u0161\u0137\u0113rd\u0113\u0161anu un nodro\u0161in\u0101t, ka pakalpojumi ir piel\u0101goti konkr\u0113t\u0101m indiv\u012bdu un kopienu vajadz\u012bb\u0101m. Izpratne par to, kas ir pie\u0161\u0137ir\u0161ana p\u0113c vajadz\u012bbas, uzsver t\u0101s noz\u012bmi taisn\u012bg\u0101kas un vienl\u012bdz\u012bg\u0101kas sabiedr\u012bbas veicin\u0101\u0161an\u0101, kur\u0101 resursi tiek sadal\u012bti, pamatojoties uz patiesu nepiecie\u0161am\u012bbu, nevis patva\u013c\u012bgiem krit\u0113rijiem. Tas var veicin\u0101t soci\u0101lo koh\u0113ziju un uztic\u0113\u0161anos valsts iest\u0101d\u0113m.<\/p>\n\n\n\n<h3 class=\"wp-block-heading\">Bie\u017ei sastopamie \u0161\u0137\u0113r\u0161\u013ci<\/h3>\n\n\n\n<p>Pie\u0161\u0137ir\u0161anas p\u0113c vajadz\u012bb\u0101m \u012bsteno\u0161ana var rad\u012bt vair\u0101kus \u0161\u0137\u0113r\u0161\u013cus. Viena no b\u016btisk\u0101m probl\u0113m\u0101m ir prec\u012bzi nov\u0113rt\u0113t un defin\u0113t vajadz\u012bbas, kas var b\u016bt subjekt\u012bvi un sare\u017e\u0123\u012bti. Resursu ierobe\u017eojumi bie\u017ei vien noz\u012bm\u0113, ka nav iesp\u0113jams apmierin\u0101t visas vajadz\u012bbas, kas rada sare\u017e\u0123\u012btus priorit\u0101\u0161u noteik\u0161anas l\u0113mumus. Turkl\u0101t var rasties pretest\u012bba no to personu puses, kuras uzskata, ka vi\u0146i zaud\u0113, izmantojot \u0161o sist\u0113mu, un tas var izrais\u012bt soci\u0101lo vai politisko pretest\u012bbu. V\u0113l viens \u0161\u0137\u0113rslis ir nodro\u0161in\u0101t pie\u0161\u0137\u012bruma procesa p\u0101rredzam\u012bbu un taisn\u012bgumu, jo jebkura \u0161\u0137ietama neobjektivit\u0101te var mazin\u0101t uztic\u0113\u0161anos sist\u0113mai. Rodas ar\u012b administrat\u012bvas probl\u0113mas, jo, lai \u012bstenotu uz vajadz\u012bb\u0101m balst\u012btu pie\u0161\u0137\u012brumu, ir j\u0101veic r\u016bp\u012bga datu v\u0101k\u0161ana un anal\u012bze, kas var b\u016bt resursu ietilp\u012bgi uzdevumi. Izpratne par to, kas ir pie\u0161\u0137ir\u0161ana p\u0113c vajadz\u012bb\u0101m, ietver \u0161o kop\u0113jo \u0161\u0137\u0113r\u0161\u013cu apzin\u0101\u0161anos un strat\u0113\u0123iju izstr\u0101di, lai tos nov\u0113rstu. Tas var ietvert skaidru vajadz\u012bbu krit\u0113riju noteik\u0161anu, ieinteres\u0113to personu iesaist\u012b\u0161anu l\u0113mumu pie\u0146em\u0161anas proces\u0101 un past\u0101v\u012bgu pie\u0161\u0137ir\u0161anas strat\u0113\u0123iju efektivit\u0101tes uzraudz\u012bbu un nov\u0113rt\u0113\u0161anu.<\/p>\n\n\n\n<h3 class=\"wp-block-heading\">Re\u0101li piem\u0113ri<\/h3>\n\n\n\n<p>Pie\u0161\u0137ir\u0161anas p\u0113c vajadz\u012bbas piem\u0113ri no re\u0101l\u0101s pasaules ilustr\u0113 t\u0101s praktisko pielietojumu un priek\u0161roc\u012bbas. Viens iev\u0113rojams piem\u0113rs ir Apvienot\u0101s Karalistes Nacion\u0101lais vesel\u012bbas dienests (NHS), kas vesel\u012bbas apr\u016bpes resursus pie\u0161\u0137ir, pamatojoties uz kl\u012bniskaj\u0101m vajadz\u012bb\u0101m, nevis maks\u0101tsp\u0113ju. \u0160\u012b pieeja nodro\u0161ina, ka pacientiem ar vissmag\u0101kaj\u0101m saslim\u0161an\u0101m tiek nodro\u0161in\u0101ta priorit\u0101ra \u0101rst\u0113\u0161ana. Cits piem\u0113rs ir izgl\u012bt\u012bbas resursu pie\u0161\u0137ir\u0161ana Apvienotaj\u0101 Karalist\u0113, kur finans\u0113juma formul\u0101s tiek \u0146emti v\u0113r\u0101 t\u0101di faktori k\u0101 soci\u0101lekonomiskais statuss un \u012bpa\u0161as izgl\u012bt\u012bbas vajadz\u012bbas, lai l\u012bdzek\u013cus starp skol\u0101m sadal\u012btu taisn\u012bg\u0101k. COVID-19 pand\u0113mijas laik\u0101 daudzas valstis, tostarp Apvienot\u0101 Karaliste, vakc\u012bnu sadalei izmantoja uz vajadz\u012bb\u0101m balst\u012btu resursu sadales strat\u0113\u0123iju, priorit\u0101ti pie\u0161\u0137irot neaizsarg\u0101t\u0101m iedz\u012bvot\u0101ju grup\u0101m, piem\u0113ram, vec\u0101ka gadag\u0101juma cilv\u0113kiem un vesel\u012bbas apr\u016bpes darbiniekiem. Izpratne par to, kas ir l\u012bdzek\u013cu pie\u0161\u0137ir\u0161ana p\u0113c vajadz\u012bb\u0101m, izmantojot \u0161os re\u0101los piem\u0113rus, pal\u012bdz pier\u0101d\u012bt t\u0101s efektivit\u0101ti taisn\u012bguma un vienl\u012bdz\u012bbas veicin\u0101\u0161an\u0101. \u0160ie piem\u0113ri par\u0101da, k\u0101 m\u0113r\u0137tiec\u012bga resursu sadale var nov\u0113rst at\u0161\u0137ir\u012bbas un uzlabot rezult\u0101tus da\u017e\u0101d\u0101s nozar\u0113s - no vesel\u012bbas apr\u016bpes l\u012bdz izgl\u012bt\u012bbai.<\/p>\n\n\n\n<h2 class=\"wp-block-heading\">Pie\u0161\u0137ir\u0161anas n\u0101kotne p\u0113c vajadz\u012bbas<\/h2>\n\n\n\n<h3 class=\"wp-block-heading\">Jaun\u0101s tendences<\/h3>\n\n\n\n<p>Jaun\u0101s tendences l\u012bdzek\u013cu pie\u0161\u0137ir\u0161an\u0101 atkar\u012bb\u0101 no vajadz\u012bb\u0101m atspogu\u013co tehnolo\u0123iju att\u012bst\u012bbu un main\u012bg\u0101s sabiedr\u012bbas priorit\u0101tes. Viena no noz\u012bm\u012bg\u0101m tendenc\u0113m ir <strong>lielie dati<\/strong> un <strong>m\u0101ksl\u012bgais intelekts<\/strong> lai uzlabotu vajadz\u012bbu nov\u0113rt\u0113jumu precizit\u0101ti. \u0160\u012bs tehnolo\u0123ijas var analiz\u0113t lielus datu apjomus, lai noteiktu mode\u013cus un tendences, \u013caujot prec\u012bz\u0101k pie\u0161\u0137irt un izmantot resursus. V\u0113l viena tendence ir arvien liel\u0101ks uzsvars uz <strong>individualiz\u0113ti pakalpojumi<\/strong>jo \u012bpa\u0161i vesel\u012bbas apr\u016bp\u0113, kur \u0101rst\u0113\u0161anu un intervenci var piel\u0101got pacienta individu\u0101laj\u0101m vajadz\u012bb\u0101m. Turkl\u0101t arvien liel\u0101ka uzman\u012bba tiek piev\u0113rsta <strong>holistiskas pieejas<\/strong> kas \u0146em v\u0113r\u0101 da\u017e\u0101dus faktorus, tostarp vesel\u012bbu noteico\u0161os soci\u0101los faktorus, lai nodro\u0161in\u0101tu visaptvero\u0161u atbalstu person\u0101m. Izpratne par to, kas ir sadal\u012bjums p\u0113c vajadz\u012bb\u0101m \u0161o jauno tenden\u010du kontekst\u0101, pal\u012bdz organiz\u0101cij\u0101m piel\u0101got un uzlabot resursu sadales strat\u0113\u0123ijas. \u0160\u012bs tendences sola padar\u012bt pie\u0161\u0137ir\u0161anu p\u0113c vajadz\u012bb\u0101m efekt\u012bv\u0101ku un taisn\u012bg\u0101ku, risinot sare\u017e\u0123\u012btas probl\u0113mas strauji main\u012bgaj\u0101 pasaul\u0113.<\/p>\n\n\n\n<h3 class=\"wp-block-heading\">Politikas ietekme<\/h3>\n\n\n\n<p>Pie\u0161\u0137ir\u0161anas p\u0113c vajadz\u012bbas turpm\u0101ka piem\u0113ro\u0161ana b\u016btiski ietekm\u0113 politiku. Politikas veidot\u0101jiem ir j\u0101izstr\u0101d\u0101 sist\u0113ma, kas nodro\u0161ina taisn\u012bgu un p\u0101rredzamu resursu sadali. Tas ietver skaidru vajadz\u012bbu nov\u0113rt\u0113\u0161anas krit\u0113riju izstr\u0101di un p\u0101rskatatbild\u012bbas un p\u0101rraudz\u012bbas meh\u0101nismu izveidi. Viena no politikas sek\u0101m ir nepiecie\u0161am\u012bba past\u0101v\u012bgi ieguld\u012bt datu v\u0101k\u0161an\u0101 un anal\u012bz\u0113, lai atbalst\u012btu uz inform\u0101ciju balst\u012btu l\u0113mumu pie\u0146em\u0161anu efekt\u012bvas resursu pie\u0161\u0137ir\u0161anas jom\u0101. Turkl\u0101t politik\u0101 j\u0101piev\u0113r\u0161as \u0113tiskiem apsv\u0113rumiem par l\u012bdzek\u013cu pie\u0161\u0137ir\u0161anu p\u0113c vajadz\u012bbas, nodro\u0161inot, ka neaizsarg\u0101t\u0101m iedz\u012bvot\u0101ju grup\u0101m tiek pie\u0161\u0137irta priorit\u0101te bez diskrimin\u0101cijas. Politikas veidot\u0101jiem ar\u012b j\u0101veicina sabiedr\u012bbas izpratne par to, kas ir l\u012bdzek\u013cu pie\u0161\u0137ir\u0161ana p\u0113c vajadz\u012bbas, lai ieg\u016btu atbalstu un uztic\u012bbu sist\u0113mai. V\u0113l viens aspekts ir starpnozaru sadarb\u012bbas potenci\u0101ls, kad da\u017e\u0101das nozares, piem\u0113ram, vesel\u012bbas apr\u016bpe, izgl\u012bt\u012bba un soci\u0101lie pakalpojumi, sadarbojas, lai efekt\u012bv\u0101k risin\u0101tu sare\u017e\u0123\u012btas un savstarp\u0113ji saist\u012btas vajadz\u012bbas. Apsverot \u0161\u012bs politikas sekas, vald\u012bbas un organiz\u0101cijas var lab\u0101k \u012bstenot uz vajadz\u012bb\u0101m balst\u012btas pie\u0161\u0137ir\u0161anas strat\u0113\u0123ijas, veicinot resursu sadales taisn\u012bgumu un efektivit\u0101ti.<\/p>\n\n\n\n<h3 class=\"wp-block-heading\">Virz\u012bba uz priek\u0161u<\/h3>\n\n\n\n<p>Turpm\u0101k, \u0146emot v\u0113r\u0101 tehnolo\u0123iju att\u012bst\u012bbu un main\u012bg\u0101s sabiedr\u012bbas v\u0113rt\u012bbas, princips, kas paredz l\u012bdzek\u013cu pie\u0161\u0137ir\u0161anu p\u0113c vajadz\u012bbas, turpin\u0101s att\u012bst\u012bties. Organiz\u0101cij\u0101m un politikas veidot\u0101jiem ir j\u0101sp\u0113j piel\u0101goties, nep\u0101rtraukti pilnveidojot vajadz\u012bbu nov\u0113rt\u0113\u0161anas krit\u0113rijus un metodes. Ieguld\u012bjumi p\u0113tniec\u012bb\u0101 un datu anal\u012bz\u0113 b\u016bs \u013coti svar\u012bgi, lai izstr\u0101d\u0101tu prec\u012bz\u0101kas un efekt\u012bv\u0101kas pie\u0161\u0137ir\u0161anas sist\u0113mas. Turkl\u0101t sabiedr\u012bbas iesaist\u012b\u0161anas un p\u0101rredzam\u012bbas veicin\u0101\u0161ana pal\u012bdz\u0113s veidot uztic\u012bbu un atbalstu uz vajadz\u012bb\u0101m balst\u012btai pie\u0161\u0137ir\u0161anas politikai. B\u016btiska b\u016bs ar\u012b sadarb\u012bba starp nozar\u0113m, nodro\u0161inot holistisku pieeju sare\u017e\u0123\u012btu soci\u0101lo jaut\u0101jumu risin\u0101\u0161anai. Izpratne par to, kas ir l\u012bdzek\u013cu pie\u0161\u0137ir\u0161ana p\u0113c vajadz\u012bb\u0101m un k\u0101da ir t\u0101s pla\u0161\u0101k\u0101 ietekme, var virz\u012bt turpm\u0101kos centienus, veicinot taisn\u012bg\u0101ku resursu sadali. Pie\u0161\u0137irot priorit\u0101ti tiem, kam tas visvair\u0101k nepiecie\u0161ams, sabiedr\u012bba var str\u0101d\u0101t pie at\u0161\u0137ir\u012bbu mazin\u0101\u0161anas un visp\u0101r\u0113j\u0101s labkl\u0101j\u012bbas uzlabo\u0161anas. Lai patiesi \u012bstenotu ieguvumus, ko sniedz l\u012bdzek\u013cu sadale p\u0113c vajadz\u012bbas, turpm\u0101kaj\u0101 ce\u013c\u0101 b\u016bs vajadz\u012bga ap\u0146\u0113m\u012bba, inov\u0101cijas un nelok\u0101ma koncentr\u0113\u0161an\u0101s uz taisn\u012bgumu.<\/p>","protected":false},"excerpt":{"rendered":"Pie\u0161\u0137ir\u0161ana p\u0113c vajadz\u012bb\u0101m ir princips, kas nodro\u0161ina, ka resursi un pakalpojumi tiek sadal\u012bti, pamatojoties uz individu\u0101l\u0101m vajadz\u012bb\u0101m, nevis izmantojot univers\u0101lu pieeju. \u0160\u012b koncepcija ir \u013coti svar\u012bga da\u017e\u0101d\u0101s nozar\u0113s, tostarp vesel\u012bbas apr\u016bp\u0113, izgl\u012bt\u012bb\u0101 un soci\u0101lajos pakalpojumos, kur...","protected":false},"author":27,"featured_media":0,"comment_status":"closed","ping_status":"closed","sticky":false,"template":"","format":"standard","meta":{"footnotes":""},"categories":[87],"tags":[],"class_list":["post-13063","post","type-post","status-publish","format-standard","hentry","category-resources"],"yoast_head":"<!-- This site is optimized with the Yoast SEO Premium plugin v23.8 (Yoast SEO v24.3) - https:\/\/yoast.com\/wordpress\/plugins\/seo\/ -->\n<title>What is Allocation by Need - Teamdeck<\/title>\n<meta name=\"description\" content=\"What is Allocation by Need? Benefits and ImplementationLearn how allocation by need addresses disparities by prioritizing resources based on individual needs. Discover its significance in healthcare, education, and social services.\" \/>\n<meta name=\"robots\" content=\"index, follow, max-snippet:-1, max-image-preview:large, max-video-preview:-1\" \/>\n<link rel=\"canonical\" href=\"https:\/\/teamdeck.io\/lv\/resursi\/kas-ir-pieskirsana-pec-vajadzibas\/\" \/>\n<meta property=\"og:locale\" content=\"lv_LV\" \/>\n<meta property=\"og:type\" content=\"article\" \/>\n<meta property=\"og:title\" content=\"What is Allocation by Need\" \/>\n<meta property=\"og:description\" content=\"What is Allocation by Need? Benefits and ImplementationLearn how allocation by need addresses disparities by prioritizing resources based on individual needs. Discover its significance in healthcare, education, and social services.\" \/>\n<meta property=\"og:url\" content=\"https:\/\/teamdeck.io\/lv\/resursi\/kas-ir-pieskirsana-pec-vajadzibas\/\" \/>\n<meta property=\"og:site_name\" content=\"Teamdeck\" \/>\n<meta property=\"article:publisher\" content=\"https:\/\/www.facebook.com\/helloteamdeck\" \/>\n<meta property=\"article:published_time\" content=\"2024-06-11T20:30:45+00:00\" \/>\n<meta property=\"article:modified_time\" content=\"2024-06-11T20:30:46+00:00\" \/>\n<meta name=\"author\" content=\"Maciej \u015awitek\" \/>\n<meta name=\"twitter:card\" content=\"summary_large_image\" \/>\n<meta name=\"twitter:creator\" content=\"@helloteamdeck\" \/>\n<meta name=\"twitter:site\" content=\"@helloteamdeck\" \/>\n<meta name=\"twitter:label1\" content=\"Written by\" \/>\n\t<meta name=\"twitter:data1\" content=\"Maciej \u015awitek\" \/>\n\t<meta name=\"twitter:label2\" content=\"Est. reading time\" \/>\n\t<meta name=\"twitter:data2\" content=\"10 minutes\" \/>\n<script type=\"application\/ld+json\" class=\"yoast-schema-graph\">{\"@context\":\"https:\/\/schema.org\",\"@graph\":[{\"@type\":\"WebPage\",\"@id\":\"https:\/\/teamdeck.io\/resources\/what-is-allocation-by-need\/\",\"url\":\"https:\/\/teamdeck.io\/resources\/what-is-allocation-by-need\/\",\"name\":\"What is Allocation by Need - Teamdeck\",\"isPartOf\":{\"@id\":\"https:\/\/teamdeck.io\/#website\"},\"datePublished\":\"2024-06-11T20:30:45+00:00\",\"dateModified\":\"2024-06-11T20:30:46+00:00\",\"author\":{\"@id\":\"https:\/\/teamdeck.io\/#\/schema\/person\/7199332261ada9397c15d772745df0d1\"},\"description\":\"What is Allocation by Need? Benefits and ImplementationLearn how allocation by need addresses disparities by prioritizing resources based on individual needs. Discover its significance in healthcare, education, and social services.\",\"breadcrumb\":{\"@id\":\"https:\/\/teamdeck.io\/resources\/what-is-allocation-by-need\/#breadcrumb\"},\"inLanguage\":\"lv\",\"potentialAction\":[{\"@type\":\"ReadAction\",\"target\":[\"https:\/\/teamdeck.io\/resources\/what-is-allocation-by-need\/\"]}]},{\"@type\":\"BreadcrumbList\",\"@id\":\"https:\/\/teamdeck.io\/resources\/what-is-allocation-by-need\/#breadcrumb\",\"itemListElement\":[{\"@type\":\"ListItem\",\"position\":1,\"name\":\"Home\",\"item\":\"https:\/\/teamdeck.io\/\"},{\"@type\":\"ListItem\",\"position\":2,\"name\":\"What is Allocation by Need\"}]},{\"@type\":\"WebSite\",\"@id\":\"https:\/\/teamdeck.io\/#website\",\"url\":\"https:\/\/teamdeck.io\/\",\"name\":\"Teamdeck\",\"description\":\"resource scheduling + time tracking + leave management\",\"potentialAction\":[{\"@type\":\"SearchAction\",\"target\":{\"@type\":\"EntryPoint\",\"urlTemplate\":\"https:\/\/teamdeck.io\/?s={search_term_string}\"},\"query-input\":{\"@type\":\"PropertyValueSpecification\",\"valueRequired\":true,\"valueName\":\"search_term_string\"}}],\"inLanguage\":\"lv\"},{\"@type\":\"Person\",\"@id\":\"https:\/\/teamdeck.io\/#\/schema\/person\/7199332261ada9397c15d772745df0d1\",\"name\":\"Maciej \u015awitek\",\"image\":{\"@type\":\"ImageObject\",\"inLanguage\":\"lv\",\"@id\":\"https:\/\/teamdeck.io\/#\/schema\/person\/image\/\",\"url\":\"https:\/\/secure.gravatar.com\/avatar\/025cfa8a7b1837fd6f3d4a372dc8df39?s=96&d=mm&r=g\",\"contentUrl\":\"https:\/\/secure.gravatar.com\/avatar\/025cfa8a7b1837fd6f3d4a372dc8df39?s=96&d=mm&r=g\",\"caption\":\"Maciej \u015awitek\"}}]}<\/script>\n<!-- \/ Yoast SEO Premium plugin. -->","yoast_head_json":{"title":"What is Allocation by Need - Teamdeck","description":"What is Allocation by Need? Benefits and ImplementationLearn how allocation by need addresses disparities by prioritizing resources based on individual needs. Discover its significance in healthcare, education, and social services.","robots":{"index":"index","follow":"follow","max-snippet":"max-snippet:-1","max-image-preview":"max-image-preview:large","max-video-preview":"max-video-preview:-1"},"canonical":"https:\/\/teamdeck.io\/lv\/resursi\/kas-ir-pieskirsana-pec-vajadzibas\/","og_locale":"lv_LV","og_type":"article","og_title":"What is Allocation by Need","og_description":"What is Allocation by Need? Benefits and ImplementationLearn how allocation by need addresses disparities by prioritizing resources based on individual needs. Discover its significance in healthcare, education, and social services.","og_url":"https:\/\/teamdeck.io\/lv\/resursi\/kas-ir-pieskirsana-pec-vajadzibas\/","og_site_name":"Teamdeck","article_publisher":"https:\/\/www.facebook.com\/helloteamdeck","article_published_time":"2024-06-11T20:30:45+00:00","article_modified_time":"2024-06-11T20:30:46+00:00","author":"Maciej \u015awitek","twitter_card":"summary_large_image","twitter_creator":"@helloteamdeck","twitter_site":"@helloteamdeck","twitter_misc":{"Written by":"Maciej \u015awitek","Est. reading time":"10 minutes"},"schema":{"@context":"https:\/\/schema.org","@graph":[{"@type":"WebPage","@id":"https:\/\/teamdeck.io\/resources\/what-is-allocation-by-need\/","url":"https:\/\/teamdeck.io\/resources\/what-is-allocation-by-need\/","name":"What is Allocation by Need - Teamdeck","isPartOf":{"@id":"https:\/\/teamdeck.io\/#website"},"datePublished":"2024-06-11T20:30:45+00:00","dateModified":"2024-06-11T20:30:46+00:00","author":{"@id":"https:\/\/teamdeck.io\/#\/schema\/person\/7199332261ada9397c15d772745df0d1"},"description":"What is Allocation by Need? Benefits and ImplementationLearn how allocation by need addresses disparities by prioritizing resources based on individual needs. Discover its significance in healthcare, education, and social services.","breadcrumb":{"@id":"https:\/\/teamdeck.io\/resources\/what-is-allocation-by-need\/#breadcrumb"},"inLanguage":"lv","potentialAction":[{"@type":"ReadAction","target":["https:\/\/teamdeck.io\/resources\/what-is-allocation-by-need\/"]}]},{"@type":"BreadcrumbList","@id":"https:\/\/teamdeck.io\/resources\/what-is-allocation-by-need\/#breadcrumb","itemListElement":[{"@type":"ListItem","position":1,"name":"Home","item":"https:\/\/teamdeck.io\/"},{"@type":"ListItem","position":2,"name":"What is Allocation by Need"}]},{"@type":"WebSite","@id":"https:\/\/teamdeck.io\/#website","url":"https:\/\/teamdeck.io\/","name":"Teamdeck","description":"resource scheduling + time tracking + leave management","potentialAction":[{"@type":"SearchAction","target":{"@type":"EntryPoint","urlTemplate":"https:\/\/teamdeck.io\/?s={search_term_string}"},"query-input":{"@type":"PropertyValueSpecification","valueRequired":true,"valueName":"search_term_string"}}],"inLanguage":"lv"},{"@type":"Person","@id":"https:\/\/teamdeck.io\/#\/schema\/person\/7199332261ada9397c15d772745df0d1","name":"Maciej \u015awitek","image":{"@type":"ImageObject","inLanguage":"lv","@id":"https:\/\/teamdeck.io\/#\/schema\/person\/image\/","url":"https:\/\/secure.gravatar.com\/avatar\/025cfa8a7b1837fd6f3d4a372dc8df39?s=96&d=mm&r=g","contentUrl":"https:\/\/secure.gravatar.com\/avatar\/025cfa8a7b1837fd6f3d4a372dc8df39?s=96&d=mm&r=g","caption":"Maciej \u015awitek"}}]}},"_links":{"self":[{"href":"https:\/\/teamdeck.io\/lv\/wp-json\/wp\/v2\/posts\/13063","targetHints":{"allow":["GET"]}}],"collection":[{"href":"https:\/\/teamdeck.io\/lv\/wp-json\/wp\/v2\/posts"}],"about":[{"href":"https:\/\/teamdeck.io\/lv\/wp-json\/wp\/v2\/types\/post"}],"author":[{"embeddable":true,"href":"https:\/\/teamdeck.io\/lv\/wp-json\/wp\/v2\/users\/27"}],"replies":[{"embeddable":true,"href":"https:\/\/teamdeck.io\/lv\/wp-json\/wp\/v2\/comments?post=13063"}],"version-history":[{"count":1,"href":"https:\/\/teamdeck.io\/lv\/wp-json\/wp\/v2\/posts\/13063\/revisions"}],"predecessor-version":[{"id":13064,"href":"https:\/\/teamdeck.io\/lv\/wp-json\/wp\/v2\/posts\/13063\/revisions\/13064"}],"wp:attachment":[{"href":"https:\/\/teamdeck.io\/lv\/wp-json\/wp\/v2\/media?parent=13063"}],"wp:term":[{"taxonomy":"category","embeddable":true,"href":"https:\/\/teamdeck.io\/lv\/wp-json\/wp\/v2\/categories?post=13063"},{"taxonomy":"post_tag","embeddable":true,"href":"https:\/\/teamdeck.io\/lv\/wp-json\/wp\/v2\/tags?post=13063"}],"curies":[{"name":"wp","href":"https:\/\/api.w.org\/{rel}","templated":true}]}}